{"id":66901,"date":"2026-03-01T10:18:09","date_gmt":"2026-03-01T13:18:09","guid":{"rendered":"https:\/\/elurbanoweb.com.ar\/diario\/?p=66901"},"modified":"2026-03-01T10:18:09","modified_gmt":"2026-03-01T13:18:09","slug":"tras-un-accidente-en-su-bici-murio-el-musico-ramon-pocho-rojas","status":"publish","type":"post","link":"http:\/\/elurbanoweb.com.ar\/diario\/tras-un-accidente-en-su-bici-murio-el-musico-ramon-pocho-rojas\/","title":{"rendered":"Tras un accidente en su bici, muri\u00f3 el m\u00fasico Ram\u00f3n \u201cPocho\u201d Rojas"},"content":{"rendered":"<p>La ciudad de Sumampa se encuentra conmovida por el fallecimiento del m\u00fasico y docente, Ram\u00f3n Ignacio Rojas, quien se encontraba internado tras sufrir un accidente en su bicicleta el 26 de febrero \u00faltimo.<\/p>\n<p><img loading=\"lazy\" decoding=\"async\" class=\"alignnone wp-image-66902 size-large\" src=\"http:\/\/elurbanoweb.com.ar\/diario\/wp-content\/uploads\/2026\/03\/pocho-1024x575.jpg\" alt=\"\" width=\"1024\" height=\"575\" srcset=\"http:\/\/elurbanoweb.com.ar\/diario\/wp-content\/uploads\/2026\/03\/pocho-1024x575.jpg 1024w, http:\/\/elurbanoweb.com.ar\/diario\/wp-content\/uploads\/2026\/03\/pocho-300x169.jpg 300w, http:\/\/elurbanoweb.com.ar\/diario\/wp-content\/uploads\/2026\/03\/pocho-150x84.jpg 150w, http:\/\/elurbanoweb.com.ar\/diario\/wp-content\/uploads\/2026\/03\/pocho.jpg 1500w\" sizes=\"auto, (max-width: 1024px) 100vw, 1024px\" \/><\/p>\n<p><!--more--><\/p>\n<p>\u201cPocho\u201d, como lo conoc\u00edan sus allegados, falleci\u00f3 en ma\u00f1ana de ayer en el Hospital Regional donde permanec\u00eda internado, debido a las lesiones sufridas al derrapar de su bicicleta, cuando circulaba por el barrio Centro de la ciudad.<\/p>\n<p>Por causas que se desconocen, Rojas transitaba en zigzag por la calle, cuando fue sobrepasado por una camioneta Toyota Hilux. El conductor fren\u00f3 la marcha al ver por el espejo retrovisor que el ciclista cay\u00f3 al suelo y lo auxili\u00f3.<\/p>\n<p>Debido a las escoriaciones m\u00faltiples, un golpe en la cabeza y su desorientaci\u00f3n, los m\u00e9dicos del hospital zonal de Ojo de Agua lo derivaron al Hospital Regional. Finalmente, ayer por la ma\u00f1ana muri\u00f3 tras sufrir un ACV hemorr\u00e1gico con fallas card\u00edacas.<\/p>\n","protected":false},"excerpt":{"rendered":"<p>La ciudad de Sumampa se encuentra conmovida por el fallecimiento del m\u00fasico y docente, Ram\u00f3n Ignacio Rojas, quien se encontraba internado tras sufrir un accidente en su bicicleta el 26&hellip; <\/p>\n","protected":false},"author":1,"featured_media":66902,"comment_status":"closed","ping_status":"closed","sticky":false,"template":"","format":"standard","meta":{"footnotes":""},"categories":[10],"tags":[],"class_list":["post-66901","post","type-post","status-publish","format-standard","has-post-thumbnail","hentry","category-interior"],"_links":{"self":[{"href":"http:\/\/elurbanoweb.com.ar\/diario\/wp-json\/wp\/v2\/posts\/66901","targetHints":{"allow":["GET"]}}],"collection":[{"href":"http:\/\/elurbanoweb.com.ar\/diario\/wp-json\/wp\/v2\/posts"}],"about":[{"href":"http:\/\/elurbanoweb.com.ar\/diario\/wp-json\/wp\/v2\/types\/post"}],"author":[{"embeddable":true,"href":"http:\/\/elurbanoweb.com.ar\/diario\/wp-json\/wp\/v2\/users\/1"}],"replies":[{"embeddable":true,"href":"http:\/\/elurbanoweb.com.ar\/diario\/wp-json\/wp\/v2\/comments?post=66901"}],"version-history":[{"count":1,"href":"http:\/\/elurbanoweb.com.ar\/diario\/wp-json\/wp\/v2\/posts\/66901\/revisions"}],"predecessor-version":[{"id":66903,"href":"http:\/\/elurbanoweb.com.ar\/diario\/wp-json\/wp\/v2\/posts\/66901\/revisions\/66903"}],"wp:featuredmedia":[{"embeddable":true,"href":"http:\/\/elurbanoweb.com.ar\/diario\/wp-json\/wp\/v2\/media\/66902"}],"wp:attachment":[{"href":"http:\/\/elurbanoweb.com.ar\/diario\/wp-json\/wp\/v2\/media?parent=66901"}],"wp:term":[{"taxonomy":"category","embeddable":true,"href":"http:\/\/elurbanoweb.com.ar\/diario\/wp-json\/wp\/v2\/categories?post=66901"},{"taxonomy":"post_tag","embeddable":true,"href":"http:\/\/elurbanoweb.com.ar\/diario\/wp-json\/wp\/v2\/tags?post=66901"}],"curies":[{"name":"wp","href":"https:\/\/api.w.org\/{rel}","templated":true}]}}