{"id":66919,"date":"2026-03-02T08:28:52","date_gmt":"2026-03-02T11:28:52","guid":{"rendered":"https:\/\/elurbanoweb.com.ar\/diario\/?p=66919"},"modified":"2026-03-02T08:28:52","modified_gmt":"2026-03-02T11:28:52","slug":"se-realizo-este-domingo-la-caravana-en-motos-y-procesion-a-mama-antula","status":"publish","type":"post","link":"http:\/\/elurbanoweb.com.ar\/diario\/se-realizo-este-domingo-la-caravana-en-motos-y-procesion-a-mama-antula\/","title":{"rendered":"Se realiz\u00f3 este domingo la caravana en motos y procesi\u00f3n a Mama Antula"},"content":{"rendered":"<p>Con una gran concurrencia de fieles se realiz\u00f3 este domingo la caravana al Santuario de Mama Antula, en la localidad de Villa Sil\u00edpica. La misa fue celebrada por el padre Mario Ram\u00f3n Tenti.<\/p>\n<p><img loading=\"lazy\" decoding=\"async\" class=\"alignnone wp-image-66920 size-large\" src=\"http:\/\/elurbanoweb.com.ar\/diario\/wp-content\/uploads\/2026\/03\/caravana-1024x682.jpeg\" alt=\"\" width=\"1024\" height=\"682\" srcset=\"http:\/\/elurbanoweb.com.ar\/diario\/wp-content\/uploads\/2026\/03\/caravana-1024x682.jpeg 1024w, http:\/\/elurbanoweb.com.ar\/diario\/wp-content\/uploads\/2026\/03\/caravana-300x200.jpeg 300w, http:\/\/elurbanoweb.com.ar\/diario\/wp-content\/uploads\/2026\/03\/caravana-150x100.jpeg 150w, http:\/\/elurbanoweb.com.ar\/diario\/wp-content\/uploads\/2026\/03\/caravana.jpeg 1322w\" sizes=\"auto, (max-width: 1024px) 100vw, 1024px\" \/><\/p>\n<p><!--more--><\/p>\n<p>Alrededor de 150 motociclistas le dieron color a la festividad religiosa. Las actividades culminar\u00e1n el pr\u00f3ximo domingo 8 de marzo con la fiesta central en honor a Mama Antula.<\/p>\n","protected":false},"excerpt":{"rendered":"<p>Con una gran concurrencia de fieles se realiz\u00f3 este domingo la caravana al Santuario de Mama Antula, en la localidad de Villa Sil\u00edpica. La misa fue celebrada por el padre&hellip; <\/p>\n","protected":false},"author":1,"featured_media":66920,"comment_status":"closed","ping_status":"closed","sticky":false,"template":"","format":"standard","meta":{"footnotes":""},"categories":[10],"tags":[],"class_list":["post-66919","post","type-post","status-publish","format-standard","has-post-thumbnail","hentry","category-interior"],"_links":{"self":[{"href":"http:\/\/elurbanoweb.com.ar\/diario\/wp-json\/wp\/v2\/posts\/66919","targetHints":{"allow":["GET"]}}],"collection":[{"href":"http:\/\/elurbanoweb.com.ar\/diario\/wp-json\/wp\/v2\/posts"}],"about":[{"href":"http:\/\/elurbanoweb.com.ar\/diario\/wp-json\/wp\/v2\/types\/post"}],"author":[{"embeddable":true,"href":"http:\/\/elurbanoweb.com.ar\/diario\/wp-json\/wp\/v2\/users\/1"}],"replies":[{"embeddable":true,"href":"http:\/\/elurbanoweb.com.ar\/diario\/wp-json\/wp\/v2\/comments?post=66919"}],"version-history":[{"count":1,"href":"http:\/\/elurbanoweb.com.ar\/diario\/wp-json\/wp\/v2\/posts\/66919\/revisions"}],"predecessor-version":[{"id":66921,"href":"http:\/\/elurbanoweb.com.ar\/diario\/wp-json\/wp\/v2\/posts\/66919\/revisions\/66921"}],"wp:featuredmedia":[{"embeddable":true,"href":"http:\/\/elurbanoweb.com.ar\/diario\/wp-json\/wp\/v2\/media\/66920"}],"wp:attachment":[{"href":"http:\/\/elurbanoweb.com.ar\/diario\/wp-json\/wp\/v2\/media?parent=66919"}],"wp:term":[{"taxonomy":"category","embeddable":true,"href":"http:\/\/elurbanoweb.com.ar\/diario\/wp-json\/wp\/v2\/categories?post=66919"},{"taxonomy":"post_tag","embeddable":true,"href":"http:\/\/elurbanoweb.com.ar\/diario\/wp-json\/wp\/v2\/tags?post=66919"}],"curies":[{"name":"wp","href":"https:\/\/api.w.org\/{rel}","templated":true}]}}