{"id":66922,"date":"2026-03-02T08:30:28","date_gmt":"2026-03-02T11:30:28","guid":{"rendered":"https:\/\/elurbanoweb.com.ar\/diario\/?p=66922"},"modified":"2026-03-02T08:30:28","modified_gmt":"2026-03-02T11:30:28","slug":"guemes-lo-dio-vuelta-y-derroto-a-chacarita-en-la-isla","status":"publish","type":"post","link":"http:\/\/elurbanoweb.com.ar\/diario\/guemes-lo-dio-vuelta-y-derroto-a-chacarita-en-la-isla\/","title":{"rendered":"G\u00fcemes lo dio vuelta y derrot\u00f3 a Chacarita en la Isla"},"content":{"rendered":"<p>Por la tercera fecha de la Zona B de la Primera Nacional, el club Atl\u00e9tico G\u00fcemes derrot\u00f3 por 2 a 1 Chacarita Juniors y sum\u00f3 sus primeros puntos en el certamen.<\/p>\n<p><img loading=\"lazy\" decoding=\"async\" class=\"alignnone wp-image-66923 size-large\" src=\"http:\/\/elurbanoweb.com.ar\/diario\/wp-content\/uploads\/2026\/03\/isla1-1024x587.jpg\" alt=\"\" width=\"1024\" height=\"587\" srcset=\"http:\/\/elurbanoweb.com.ar\/diario\/wp-content\/uploads\/2026\/03\/isla1-1024x587.jpg 1024w, http:\/\/elurbanoweb.com.ar\/diario\/wp-content\/uploads\/2026\/03\/isla1-300x172.jpg 300w, http:\/\/elurbanoweb.com.ar\/diario\/wp-content\/uploads\/2026\/03\/isla1-150x86.jpg 150w, http:\/\/elurbanoweb.com.ar\/diario\/wp-content\/uploads\/2026\/03\/isla1-1536x880.jpg 1536w, http:\/\/elurbanoweb.com.ar\/diario\/wp-content\/uploads\/2026\/03\/isla1.jpg 1600w\" sizes=\"auto, (max-width: 1024px) 100vw, 1024px\" \/><\/p>\n<p><!--more--><\/p>\n<p>El Gaucho pudo dar vuelta un resultado adverso tras ir perdiendo desde los primeros minutos del inicio del juego ante el Funebrero en el estadio Arturo \u201cJiya\u201d Mirando en una tarde calurosa de domingo con el arbitraje de Yamil Possi.<\/p>\n<p>A los 8 minutos, \u00c1lvaro Cuello puso el 1 a 0 para la visita, sorprend\u00eda y nuevamente generaba murmullos en las tribunas. Sin embargo sobre los 30, Santiago Sala logr\u00f3 emparejar el marcador con el gol para G\u00fcemes.<\/p>\n<p>En el complemento, a los 25 minutos, el defensor central Emilio Lazza marc\u00f3 el tanto que le dio el triunfo al azulgrana, el primero en la temporada tras dos derrotas consecutivas.<\/p>\n<p>Con esta victoria, el conjunto de Juan Pablo Vita sale del fondo con 3 puntos.<\/p>\n<p>En la pr\u00f3xima fecha, reci\u00e9n el s\u00e1bado 14 (la que viene la AFA hace paro) jugar\u00e1 de visitante ante Trist\u00e1n Su\u00e1rez a partir de las 19.<\/p>\n","protected":false},"excerpt":{"rendered":"<p>Por la tercera fecha de la Zona B de la Primera Nacional, el club Atl\u00e9tico G\u00fcemes derrot\u00f3 por 2 a 1 Chacarita Juniors y sum\u00f3 sus primeros puntos en el&hellip; <\/p>\n","protected":false},"author":1,"featured_media":66923,"comment_status":"closed","ping_status":"closed","sticky":false,"template":"","format":"standard","meta":{"footnotes":""},"categories":[4],"tags":[],"class_list":["post-66922","post","type-post","status-publish","format-standard","has-post-thumbnail","hentry","category-deportes"],"_links":{"self":[{"href":"http:\/\/elurbanoweb.com.ar\/diario\/wp-json\/wp\/v2\/posts\/66922","targetHints":{"allow":["GET"]}}],"collection":[{"href":"http:\/\/elurbanoweb.com.ar\/diario\/wp-json\/wp\/v2\/posts"}],"about":[{"href":"http:\/\/elurbanoweb.com.ar\/diario\/wp-json\/wp\/v2\/types\/post"}],"author":[{"embeddable":true,"href":"http:\/\/elurbanoweb.com.ar\/diario\/wp-json\/wp\/v2\/users\/1"}],"replies":[{"embeddable":true,"href":"http:\/\/elurbanoweb.com.ar\/diario\/wp-json\/wp\/v2\/comments?post=66922"}],"version-history":[{"count":1,"href":"http:\/\/elurbanoweb.com.ar\/diario\/wp-json\/wp\/v2\/posts\/66922\/revisions"}],"predecessor-version":[{"id":66924,"href":"http:\/\/elurbanoweb.com.ar\/diario\/wp-json\/wp\/v2\/posts\/66922\/revisions\/66924"}],"wp:featuredmedia":[{"embeddable":true,"href":"http:\/\/elurbanoweb.com.ar\/diario\/wp-json\/wp\/v2\/media\/66923"}],"wp:attachment":[{"href":"http:\/\/elurbanoweb.com.ar\/diario\/wp-json\/wp\/v2\/media?parent=66922"}],"wp:term":[{"taxonomy":"category","embeddable":true,"href":"http:\/\/elurbanoweb.com.ar\/diario\/wp-json\/wp\/v2\/categories?post=66922"},{"taxonomy":"post_tag","embeddable":true,"href":"http:\/\/elurbanoweb.com.ar\/diario\/wp-json\/wp\/v2\/tags?post=66922"}],"curies":[{"name":"wp","href":"https:\/\/api.w.org\/{rel}","templated":true}]}}