{"id":66937,"date":"2026-03-02T14:07:29","date_gmt":"2026-03-02T17:07:29","guid":{"rendered":"https:\/\/elurbanoweb.com.ar\/diario\/?p=66937"},"modified":"2026-03-02T14:07:29","modified_gmt":"2026-03-02T17:07:29","slug":"el-intendente-ruiz-anuncio-un-incremento-salarial-del-424-para-los-municipales-de-clodomira","status":"publish","type":"post","link":"http:\/\/elurbanoweb.com.ar\/diario\/el-intendente-ruiz-anuncio-un-incremento-salarial-del-424-para-los-municipales-de-clodomira\/","title":{"rendered":"El intendente Ruiz anunci\u00f3 un incremento salarial del 42,4% para los municipales de Clodomira"},"content":{"rendered":"<p>La medida es adoptada en consonancia con lo dispuesto por el gobernador El\u00edas Su\u00e1rez para toda la administraci\u00f3n p\u00fablica provincial, luego de un per\u00edodo de tratamiento junto con todos los sectores sindicales que forman parte de la Mesa de Di\u00e1logo y Trabajo.<\/p>\n<p><img loading=\"lazy\" decoding=\"async\" class=\"alignnone wp-image-66938 size-large\" src=\"http:\/\/elurbanoweb.com.ar\/diario\/wp-content\/uploads\/2026\/03\/ruiz-1024x686.jpg\" alt=\"\" width=\"1024\" height=\"686\" srcset=\"http:\/\/elurbanoweb.com.ar\/diario\/wp-content\/uploads\/2026\/03\/ruiz-1024x686.jpg 1024w, http:\/\/elurbanoweb.com.ar\/diario\/wp-content\/uploads\/2026\/03\/ruiz-300x201.jpg 300w, http:\/\/elurbanoweb.com.ar\/diario\/wp-content\/uploads\/2026\/03\/ruiz-150x101.jpg 150w, http:\/\/elurbanoweb.com.ar\/diario\/wp-content\/uploads\/2026\/03\/ruiz-1536x1030.jpg 1536w, http:\/\/elurbanoweb.com.ar\/diario\/wp-content\/uploads\/2026\/03\/ruiz.jpg 1696w\" sizes=\"auto, (max-width: 1024px) 100vw, 1024px\" \/><\/p>\n<p><!--more--><\/p>\n<p>Daniel Ruiz anunci\u00f3 oficialmente este lunes por la ma\u00f1ana un aumento salarial para toda la masa de trabajadores municipales de Clodomira, con un incremento del 42.4% para el personal de planta permanente y contratado. Adem\u00e1s de un 23% para las asignaciones por hijo, a partir de este mes.<\/p>\n<p>Reunido con los representantes de las distintas \u00e1reas en la sala principal del palacio comunal, el intendente Ruiz hizo el anuncio acompa\u00f1ado por miembros de su gabinete.<\/p>\n<p>La medida es adoptada en consonancia con lo dispuesto por el gobernador El\u00edas Su\u00e1rez para toda la administraci\u00f3n p\u00fablica provincial, luego de un per\u00edodo de tratamiento junto con todos los sectores sindicales que forman parte de la Mesa de Di\u00e1logo y Trabajo.<\/p>\n<p>Antes de tomar esta decisi\u00f3n para la familia municipal de Clodomira, el equipo de trabajo que encabeza el intendente Ruiz analiz\u00f3 cuidadosamente la situaci\u00f3n financiera de la comuna, con el objetivo de otorgar este importante incremento salarial, sin poner en riesgo el orden de las finanzas y garantizar la correcta prestaci\u00f3n de servicios b\u00e1sicos a los vecinos, adem\u00e1s de seguir adelante con el plan de obras y mejoras previstas para este a\u00f1o.<\/p>\n<p>En este marco, el mandatario clodomirense destac\u00f3 el impacto que tendr\u00e1 este incremento en la econom\u00eda de cada una de las familias de los trabajadores municipales, que a su vez se trasladar\u00e1 a la comunidad mediante la posibilidad de ampliar la capacidad de consumo.<\/p>\n<p>Esta medida toma mayor relevancia si se tiene en cuenta el complejo panorama nacional, con el aumento permanente de precios de los productos de mayor consumo, que se contrapone con el recorte de los recursos destinados a las provincias y que a su vez llegan a los municipios.<\/p>\n<p>No obstante, el manejo responsable de los recursos permite a la actual gesti\u00f3n municipal otorgar este importante incremento que supera por m\u00e1s de 10 puntos los \u00faltimos \u00edndices de inflaci\u00f3n.<\/p>\n<p>Seg\u00fan precisaron, los empleados de la comuna percibir\u00e1n un aumento del 42,4 % con el sueldo del mes de marzo, incremento que ser\u00e1 equivalente a dicho porcentaje calculado sobre cada asignaci\u00f3n del personal. Adem\u00e1s de un incremento del 23% aproximadamente para las asignaciones familiares.<\/p>\n","protected":false},"excerpt":{"rendered":"<p>La medida es adoptada en consonancia con lo dispuesto por el gobernador El\u00edas Su\u00e1rez para toda la administraci\u00f3n p\u00fablica provincial, luego de un per\u00edodo de tratamiento junto con todos los&hellip; <\/p>\n","protected":false},"author":1,"featured_media":66938,"comment_status":"closed","ping_status":"closed","sticky":false,"template":"","format":"standard","meta":{"footnotes":""},"categories":[10],"tags":[],"class_list":["post-66937","post","type-post","status-publish","format-standard","has-post-thumbnail","hentry","category-interior"],"_links":{"self":[{"href":"http:\/\/elurbanoweb.com.ar\/diario\/wp-json\/wp\/v2\/posts\/66937","targetHints":{"allow":["GET"]}}],"collection":[{"href":"http:\/\/elurbanoweb.com.ar\/diario\/wp-json\/wp\/v2\/posts"}],"about":[{"href":"http:\/\/elurbanoweb.com.ar\/diario\/wp-json\/wp\/v2\/types\/post"}],"author":[{"embeddable":true,"href":"http:\/\/elurbanoweb.com.ar\/diario\/wp-json\/wp\/v2\/users\/1"}],"replies":[{"embeddable":true,"href":"http:\/\/elurbanoweb.com.ar\/diario\/wp-json\/wp\/v2\/comments?post=66937"}],"version-history":[{"count":1,"href":"http:\/\/elurbanoweb.com.ar\/diario\/wp-json\/wp\/v2\/posts\/66937\/revisions"}],"predecessor-version":[{"id":66939,"href":"http:\/\/elurbanoweb.com.ar\/diario\/wp-json\/wp\/v2\/posts\/66937\/revisions\/66939"}],"wp:featuredmedia":[{"embeddable":true,"href":"http:\/\/elurbanoweb.com.ar\/diario\/wp-json\/wp\/v2\/media\/66938"}],"wp:attachment":[{"href":"http:\/\/elurbanoweb.com.ar\/diario\/wp-json\/wp\/v2\/media?parent=66937"}],"wp:term":[{"taxonomy":"category","embeddable":true,"href":"http:\/\/elurbanoweb.com.ar\/diario\/wp-json\/wp\/v2\/categories?post=66937"},{"taxonomy":"post_tag","embeddable":true,"href":"http:\/\/elurbanoweb.com.ar\/diario\/wp-json\/wp\/v2\/tags?post=66937"}],"curies":[{"name":"wp","href":"https:\/\/api.w.org\/{rel}","templated":true}]}}