{"id":66967,"date":"2026-03-03T10:50:35","date_gmt":"2026-03-03T13:50:35","guid":{"rendered":"https:\/\/elurbanoweb.com.ar\/diario\/?p=66967"},"modified":"2026-03-03T10:50:35","modified_gmt":"2026-03-03T13:50:35","slug":"el-gobierno-provincial-pone-en-marcha-la-opcion-de-cargos-2026-a-traves-del-consejo-virtual","status":"publish","type":"post","link":"http:\/\/elurbanoweb.com.ar\/diario\/el-gobierno-provincial-pone-en-marcha-la-opcion-de-cargos-2026-a-traves-del-consejo-virtual\/","title":{"rendered":"El Gobierno provincial pone en marcha la Opci\u00f3n de Cargos 2026 a trav\u00e9s del Consejo Virtual"},"content":{"rendered":"<p>El gobernador El\u00edas Su\u00e1rez presidir\u00e1 este martes, a partir de las 8.45, un importante acto en el F\u00f3rum donde se oficializar\u00e1 la implementaci\u00f3n del sistema de Opci\u00f3n de Cargos 2026 mediante la plataforma \u201cConsejo Virtual\u201d, marcando un nuevo paso en el proceso de modernizaci\u00f3n educativa en la provincia.<\/p>\n<p><img loading=\"lazy\" decoding=\"async\" class=\"alignnone wp-image-66968 size-large\" src=\"http:\/\/elurbanoweb.com.ar\/diario\/wp-content\/uploads\/2026\/03\/virtual1-1024x576.jpg\" alt=\"\" width=\"1024\" height=\"576\" srcset=\"http:\/\/elurbanoweb.com.ar\/diario\/wp-content\/uploads\/2026\/03\/virtual1-1024x576.jpg 1024w, http:\/\/elurbanoweb.com.ar\/diario\/wp-content\/uploads\/2026\/03\/virtual1-300x169.jpg 300w, http:\/\/elurbanoweb.com.ar\/diario\/wp-content\/uploads\/2026\/03\/virtual1-150x84.jpg 150w, http:\/\/elurbanoweb.com.ar\/diario\/wp-content\/uploads\/2026\/03\/virtual1-1536x865.jpg 1536w, http:\/\/elurbanoweb.com.ar\/diario\/wp-content\/uploads\/2026\/03\/virtual1-2048x1153.jpg 2048w\" sizes=\"auto, (max-width: 1024px) 100vw, 1024px\" \/><\/p>\n<p><!--more--><\/p>\n<p>https:\/\/www.youtube.com\/live\/8KXgeO0VtAs?si=gYzbAgCBa-k8IvBa<\/p>\n<p>Durante la jornada, que contar\u00e1 con la participaci\u00f3n de autoridades del Ministerio de Educaci\u00f3n, Ciencia y Tecnolog\u00eda, miembros del Gabinete provincial, intendentes, comisionados municipales y representantes gremiales de la Mesa de Di\u00e1logo y Trabajo Docente, se presentar\u00e1n las pautas formales que regir\u00e1n el proceso concursal para el pr\u00f3ximo ciclo lectivo.<\/p>\n<p>En ese marco, el mandatario encabezar\u00e1 adem\u00e1s la \u201cJornada de Capacitaci\u00f3n sobre Manejo e Interacci\u00f3n con el Consejo Virtual\u201d, una instancia clave destinada a fortalecer el conocimiento de los docentes sobre el funcionamiento del sistema y las normativas vigentes.<\/p>\n<p>Se prev\u00e9 la presencia de alrededor de mil educadores, reflejo del fuerte inter\u00e9s que genera esta instancia. Asimismo, la capacitaci\u00f3n ser\u00e1 transmitida en vivo v\u00eda streaming, permitiendo que docentes de distintos puntos de la provincia puedan participar en tiempo real e interiorizarse sobre las pautas de opci\u00f3n de cargos y el uso de la plataforma digital.<\/p>\n<p>La jornada estar\u00e1 organizada en dos etapas: una primera dedicada a los aspectos legales de las Pautas de Opci\u00f3n, y una segunda centrada en los aspectos pr\u00e1cticos y el manejo de las herramientas del sistema. El proceso concursal ser\u00e1 100% online, incorporando actualizaciones tecnol\u00f3gicas orientadas a garantizar mayor transparencia, agilidad y equidad en el acceso a los cargos docentes.<\/p>\n<p>Con esta iniciativa, el Gobierno provincial reafirma su compromiso con la innovaci\u00f3n tecnol\u00f3gica y la igualdad de oportunidades, consolidando un mecanismo moderno y eficiente que asegura a todos los docentes la posibilidad de optar por cargos en condiciones claras y equitativas.<\/p>\n","protected":false},"excerpt":{"rendered":"<p>El gobernador El\u00edas Su\u00e1rez presidir\u00e1 este martes, a partir de las 8.45, un importante acto en el F\u00f3rum donde se oficializar\u00e1 la implementaci\u00f3n del sistema de Opci\u00f3n de Cargos 2026&hellip; <\/p>\n","protected":false},"author":1,"featured_media":66968,"comment_status":"closed","ping_status":"closed","sticky":false,"template":"","format":"standard","meta":{"footnotes":""},"categories":[2],"tags":[],"class_list":["post-66967","post","type-post","status-publish","format-standard","has-post-thumbnail","hentry","category-gobierno"],"_links":{"self":[{"href":"http:\/\/elurbanoweb.com.ar\/diario\/wp-json\/wp\/v2\/posts\/66967","targetHints":{"allow":["GET"]}}],"collection":[{"href":"http:\/\/elurbanoweb.com.ar\/diario\/wp-json\/wp\/v2\/posts"}],"about":[{"href":"http:\/\/elurbanoweb.com.ar\/diario\/wp-json\/wp\/v2\/types\/post"}],"author":[{"embeddable":true,"href":"http:\/\/elurbanoweb.com.ar\/diario\/wp-json\/wp\/v2\/users\/1"}],"replies":[{"embeddable":true,"href":"http:\/\/elurbanoweb.com.ar\/diario\/wp-json\/wp\/v2\/comments?post=66967"}],"version-history":[{"count":1,"href":"http:\/\/elurbanoweb.com.ar\/diario\/wp-json\/wp\/v2\/posts\/66967\/revisions"}],"predecessor-version":[{"id":66969,"href":"http:\/\/elurbanoweb.com.ar\/diario\/wp-json\/wp\/v2\/posts\/66967\/revisions\/66969"}],"wp:featuredmedia":[{"embeddable":true,"href":"http:\/\/elurbanoweb.com.ar\/diario\/wp-json\/wp\/v2\/media\/66968"}],"wp:attachment":[{"href":"http:\/\/elurbanoweb.com.ar\/diario\/wp-json\/wp\/v2\/media?parent=66967"}],"wp:term":[{"taxonomy":"category","embeddable":true,"href":"http:\/\/elurbanoweb.com.ar\/diario\/wp-json\/wp\/v2\/categories?post=66967"},{"taxonomy":"post_tag","embeddable":true,"href":"http:\/\/elurbanoweb.com.ar\/diario\/wp-json\/wp\/v2\/tags?post=66967"}],"curies":[{"name":"wp","href":"https:\/\/api.w.org\/{rel}","templated":true}]}}