{"id":66970,"date":"2026-03-04T09:45:10","date_gmt":"2026-03-04T12:45:10","guid":{"rendered":"https:\/\/elurbanoweb.com.ar\/diario\/?p=66970"},"modified":"2026-03-04T09:45:10","modified_gmt":"2026-03-04T12:45:10","slug":"ariana-bustamante-de-anatuya-al-semillero-del-mundo","status":"publish","type":"post","link":"http:\/\/elurbanoweb.com.ar\/diario\/ariana-bustamante-de-anatuya-al-semillero-del-mundo\/","title":{"rendered":"Ariana Bustamante, de A\u00f1atuya al \u201cSemillero del Mundo\u201d"},"content":{"rendered":"<p>Finalmente, la joven arquera a\u00f1atuyense Ariana Bustamante comenz\u00f3 una nueva vida: desde ayer lunes ya se entrena como parte de las formativas femeninas de la Asociaci\u00f3n Argentinos Juniors, de Buenos Aires.<\/p>\n<p><img loading=\"lazy\" decoding=\"async\" class=\"alignnone wp-image-66971 size-large\" src=\"http:\/\/elurbanoweb.com.ar\/diario\/wp-content\/uploads\/2026\/03\/ariana-1024x576.png\" alt=\"\" width=\"1024\" height=\"576\" srcset=\"http:\/\/elurbanoweb.com.ar\/diario\/wp-content\/uploads\/2026\/03\/ariana-1024x576.png 1024w, http:\/\/elurbanoweb.com.ar\/diario\/wp-content\/uploads\/2026\/03\/ariana-300x169.png 300w, http:\/\/elurbanoweb.com.ar\/diario\/wp-content\/uploads\/2026\/03\/ariana-150x84.png 150w, http:\/\/elurbanoweb.com.ar\/diario\/wp-content\/uploads\/2026\/03\/ariana.png 1280w\" sizes=\"auto, (max-width: 1024px) 100vw, 1024px\" \/><\/p>\n<p><!--more--><\/p>\n<p>Es que Ariana y su mam\u00e1 Raquel se instalaron en Buenos Aires para aferrarse al sue\u00f1o de jugar al f\u00fatbol profesionalmente aunque esta decisi\u00f3n implique dividir el hogar en dos e iniciar desde cero en una nueva ciudad.<\/p>\n<p>\u201cTomamos esta medida para no quitarle la posibilidad que tiene hoy. Son pocas las nenas que llegan y m\u00e1s a esta edad. Es mucho sacrificio dejar todo, separarnos f\u00edsicamente del resto de nuestra familia pero todo es por nuestros hijos\u201d, expres\u00f3 su mam\u00e1 Raquel desde Buenos Aires.<\/p>\n<p>Ariana ya se entrena con el plantel. Ayer la presentaron a sus compa\u00f1eras y la pr\u00f3xima semana realizar\u00e1 el fichaje correspondiente.<\/p>\n","protected":false},"excerpt":{"rendered":"<p>Finalmente, la joven arquera a\u00f1atuyense Ariana Bustamante comenz\u00f3 una nueva vida: desde ayer lunes ya se entrena como parte de las formativas femeninas de la Asociaci\u00f3n Argentinos Juniors, de Buenos&hellip; <\/p>\n","protected":false},"author":1,"featured_media":66971,"comment_status":"closed","ping_status":"closed","sticky":false,"template":"","format":"standard","meta":{"footnotes":""},"categories":[4,10],"tags":[],"class_list":["post-66970","post","type-post","status-publish","format-standard","has-post-thumbnail","hentry","category-deportes","category-interior"],"_links":{"self":[{"href":"http:\/\/elurbanoweb.com.ar\/diario\/wp-json\/wp\/v2\/posts\/66970","targetHints":{"allow":["GET"]}}],"collection":[{"href":"http:\/\/elurbanoweb.com.ar\/diario\/wp-json\/wp\/v2\/posts"}],"about":[{"href":"http:\/\/elurbanoweb.com.ar\/diario\/wp-json\/wp\/v2\/types\/post"}],"author":[{"embeddable":true,"href":"http:\/\/elurbanoweb.com.ar\/diario\/wp-json\/wp\/v2\/users\/1"}],"replies":[{"embeddable":true,"href":"http:\/\/elurbanoweb.com.ar\/diario\/wp-json\/wp\/v2\/comments?post=66970"}],"version-history":[{"count":1,"href":"http:\/\/elurbanoweb.com.ar\/diario\/wp-json\/wp\/v2\/posts\/66970\/revisions"}],"predecessor-version":[{"id":66972,"href":"http:\/\/elurbanoweb.com.ar\/diario\/wp-json\/wp\/v2\/posts\/66970\/revisions\/66972"}],"wp:featuredmedia":[{"embeddable":true,"href":"http:\/\/elurbanoweb.com.ar\/diario\/wp-json\/wp\/v2\/media\/66971"}],"wp:attachment":[{"href":"http:\/\/elurbanoweb.com.ar\/diario\/wp-json\/wp\/v2\/media?parent=66970"}],"wp:term":[{"taxonomy":"category","embeddable":true,"href":"http:\/\/elurbanoweb.com.ar\/diario\/wp-json\/wp\/v2\/categories?post=66970"},{"taxonomy":"post_tag","embeddable":true,"href":"http:\/\/elurbanoweb.com.ar\/diario\/wp-json\/wp\/v2\/tags?post=66970"}],"curies":[{"name":"wp","href":"https:\/\/api.w.org\/{rel}","templated":true}]}}