{"id":66973,"date":"2026-03-04T10:09:38","date_gmt":"2026-03-04T13:09:38","guid":{"rendered":"https:\/\/elurbanoweb.com.ar\/diario\/?p=66973"},"modified":"2026-03-04T10:09:38","modified_gmt":"2026-03-04T13:09:38","slug":"mujeres-memoria-y-derechos-una-intervencion-para-pensar-el-presente-desde-la-historia","status":"publish","type":"post","link":"http:\/\/elurbanoweb.com.ar\/diario\/mujeres-memoria-y-derechos-una-intervencion-para-pensar-el-presente-desde-la-historia\/","title":{"rendered":"Mujeres, Memoria y Derechos: una intervenci\u00f3n para pensar el presente desde la historia"},"content":{"rendered":"<p>Organizadoras de la muestra destacaron que \u201cesta fecha no debe reducirse a una conmemoraci\u00f3n simb\u00f3lica, sino asumirse como una oportunidad para poner en circulaci\u00f3n pensamiento cr\u00edtico\u201d.<\/p>\n<p><img loading=\"lazy\" decoding=\"async\" class=\"alignnone wp-image-66974 size-full\" src=\"http:\/\/elurbanoweb.com.ar\/diario\/wp-content\/uploads\/2026\/03\/derechos3.jpg\" alt=\"\" width=\"1010\" height=\"567\" srcset=\"http:\/\/elurbanoweb.com.ar\/diario\/wp-content\/uploads\/2026\/03\/derechos3.jpg 1010w, http:\/\/elurbanoweb.com.ar\/diario\/wp-content\/uploads\/2026\/03\/derechos3-300x168.jpg 300w, http:\/\/elurbanoweb.com.ar\/diario\/wp-content\/uploads\/2026\/03\/derechos3-150x84.jpg 150w\" sizes=\"auto, (max-width: 1010px) 100vw, 1010px\" \/><\/p>\n<p><!--more--><\/p>\n<p>El equipo de la Direcci\u00f3n de Derechos Humanos, dependiente de la Secretar\u00eda de Gobierno, junto a la Direcci\u00f3n de Cultura present\u00f3 este lunes la intervenci\u00f3n expositiva \u201cMujeres, Memoria y Derechos\u201d, que ocupa el pasillo central de la Municipalidad durante la semana previa al 8 de marzo.<\/p>\n<p>Desde el \u00e1rea organizadora se remarc\u00f3 que esta fecha no debe reducirse a una conmemoraci\u00f3n simb\u00f3lica, sino asumirse como una oportunidad para poner en circulaci\u00f3n pensamiento cr\u00edtico, historia y debate. En ese marco, los banners expuestos forman parte del programa Memorias en Movimiento, una propuesta que busca devolver estas historias al espacio p\u00fablico, entendiendo que la memoria debe estar visible y en di\u00e1logo permanente con la comunidad.<\/p>\n<p>La muestra propone un recorrido por distintas formas de resistencia protagonizadas por mujeres a lo largo de la historia. Desde las mujeres ind\u00edgenas que enfrentaron la invasi\u00f3n colonial, como Micaela Bastidas y Anacaona, hasta el siglo XX, donde la ampliaci\u00f3n de derechos sociales y pol\u00edticos tiene nombres y luchas concretas como Eva Per\u00f3n y las Madres y Abuelas de Plaza de Mayo.<\/p>\n","protected":false},"excerpt":{"rendered":"<p>Organizadoras de la muestra destacaron que \u201cesta fecha no debe reducirse a una conmemoraci\u00f3n simb\u00f3lica, sino asumirse como una oportunidad para poner en circulaci\u00f3n pensamiento cr\u00edtico\u201d.<\/p>\n","protected":false},"author":1,"featured_media":66974,"comment_status":"closed","ping_status":"closed","sticky":false,"template":"","format":"standard","meta":{"footnotes":""},"categories":[16],"tags":[],"class_list":["post-66973","post","type-post","status-publish","format-standard","has-post-thumbnail","hentry","category-locales"],"_links":{"self":[{"href":"http:\/\/elurbanoweb.com.ar\/diario\/wp-json\/wp\/v2\/posts\/66973","targetHints":{"allow":["GET"]}}],"collection":[{"href":"http:\/\/elurbanoweb.com.ar\/diario\/wp-json\/wp\/v2\/posts"}],"about":[{"href":"http:\/\/elurbanoweb.com.ar\/diario\/wp-json\/wp\/v2\/types\/post"}],"author":[{"embeddable":true,"href":"http:\/\/elurbanoweb.com.ar\/diario\/wp-json\/wp\/v2\/users\/1"}],"replies":[{"embeddable":true,"href":"http:\/\/elurbanoweb.com.ar\/diario\/wp-json\/wp\/v2\/comments?post=66973"}],"version-history":[{"count":1,"href":"http:\/\/elurbanoweb.com.ar\/diario\/wp-json\/wp\/v2\/posts\/66973\/revisions"}],"predecessor-version":[{"id":66975,"href":"http:\/\/elurbanoweb.com.ar\/diario\/wp-json\/wp\/v2\/posts\/66973\/revisions\/66975"}],"wp:featuredmedia":[{"embeddable":true,"href":"http:\/\/elurbanoweb.com.ar\/diario\/wp-json\/wp\/v2\/media\/66974"}],"wp:attachment":[{"href":"http:\/\/elurbanoweb.com.ar\/diario\/wp-json\/wp\/v2\/media?parent=66973"}],"wp:term":[{"taxonomy":"category","embeddable":true,"href":"http:\/\/elurbanoweb.com.ar\/diario\/wp-json\/wp\/v2\/categories?post=66973"},{"taxonomy":"post_tag","embeddable":true,"href":"http:\/\/elurbanoweb.com.ar\/diario\/wp-json\/wp\/v2\/tags?post=66973"}],"curies":[{"name":"wp","href":"https:\/\/api.w.org\/{rel}","templated":true}]}}