{"id":66976,"date":"2026-03-04T10:11:21","date_gmt":"2026-03-04T13:11:21","guid":{"rendered":"https:\/\/elurbanoweb.com.ar\/diario\/?p=66976"},"modified":"2026-03-04T10:11:21","modified_gmt":"2026-03-04T13:11:21","slug":"realizaron-un-taller-y-conversatorio-para-adultos-mayores-en-la-sala-san-javier","status":"publish","type":"post","link":"http:\/\/elurbanoweb.com.ar\/diario\/realizaron-un-taller-y-conversatorio-para-adultos-mayores-en-la-sala-san-javier\/","title":{"rendered":"Realizaron un taller y conversatorio para adultos mayores en la Sala San Javier"},"content":{"rendered":"<p>Bajo la consigna \u201cPorque recordar es volver a vivir\u201d, la iniciativa gener\u00f3 un espacio de intercambio y participaci\u00f3n activa, donde los asistentes compartieron vivencias, experiencias y an\u00e9cdotas personales, fortaleciendo el sentido de identidad y pertenencia dentro de la comunidad.<\/p>\n<p><img loading=\"lazy\" decoding=\"async\" class=\"alignnone wp-image-66977 size-full\" src=\"http:\/\/elurbanoweb.com.ar\/diario\/wp-content\/uploads\/2026\/03\/adultos4.jpg\" alt=\"\" width=\"1010\" height=\"567\" srcset=\"http:\/\/elurbanoweb.com.ar\/diario\/wp-content\/uploads\/2026\/03\/adultos4.jpg 1010w, http:\/\/elurbanoweb.com.ar\/diario\/wp-content\/uploads\/2026\/03\/adultos4-300x168.jpg 300w, http:\/\/elurbanoweb.com.ar\/diario\/wp-content\/uploads\/2026\/03\/adultos4-150x84.jpg 150w\" sizes=\"auto, (max-width: 1010px) 100vw, 1010px\" \/><\/p>\n<p><!--more--><\/p>\n<p>Desde la organizaci\u00f3n se destac\u00f3 la importancia de este tipo de encuentros como una herramienta fundamental para promover el bienestar emocional, fortalecer los lazos comunitarios y acompa\u00f1ar a los vecinos en esta etapa de la vida. Asimismo, se remarc\u00f3 el compromiso de dar continuidad a estas actividades, ampliando la participaci\u00f3n y consolidando nuevos v\u00ednculos con los residentes del barrio.<\/p>\n<p>En la oportunidad, tambi\u00e9n se realiz\u00f3 la colocaci\u00f3n de vacunas antigripales a los adultos mayores que se encontraban en condiciones de recibirlas de acuerdo a su edad, reforzando as\u00ed las acciones preventivas y el cuidado integral de la salud.<\/p>\n<p>De esta manera, desde la gesti\u00f3n del intendente Ing. Roger El\u00edas Nediani se contin\u00faa promoviendo pol\u00edticas p\u00fablicas orientadas al cuidado, la inclusi\u00f3n y el acompa\u00f1amiento permanente de los adultos mayores, fortaleciendo el trabajo territorial y el compromiso con cada vecino de la ciudad.<\/p>\n","protected":false},"excerpt":{"rendered":"<p>Bajo la consigna \u201cPorque recordar es volver a vivir\u201d, la iniciativa gener\u00f3 un espacio de intercambio y participaci\u00f3n activa, donde los asistentes compartieron vivencias, experiencias y an\u00e9cdotas personales, fortaleciendo el&hellip; <\/p>\n","protected":false},"author":1,"featured_media":66977,"comment_status":"closed","ping_status":"closed","sticky":false,"template":"","format":"standard","meta":{"footnotes":""},"categories":[9],"tags":[],"class_list":["post-66976","post","type-post","status-publish","format-standard","has-post-thumbnail","hentry","category-la-banda"],"_links":{"self":[{"href":"http:\/\/elurbanoweb.com.ar\/diario\/wp-json\/wp\/v2\/posts\/66976","targetHints":{"allow":["GET"]}}],"collection":[{"href":"http:\/\/elurbanoweb.com.ar\/diario\/wp-json\/wp\/v2\/posts"}],"about":[{"href":"http:\/\/elurbanoweb.com.ar\/diario\/wp-json\/wp\/v2\/types\/post"}],"author":[{"embeddable":true,"href":"http:\/\/elurbanoweb.com.ar\/diario\/wp-json\/wp\/v2\/users\/1"}],"replies":[{"embeddable":true,"href":"http:\/\/elurbanoweb.com.ar\/diario\/wp-json\/wp\/v2\/comments?post=66976"}],"version-history":[{"count":1,"href":"http:\/\/elurbanoweb.com.ar\/diario\/wp-json\/wp\/v2\/posts\/66976\/revisions"}],"predecessor-version":[{"id":66978,"href":"http:\/\/elurbanoweb.com.ar\/diario\/wp-json\/wp\/v2\/posts\/66976\/revisions\/66978"}],"wp:featuredmedia":[{"embeddable":true,"href":"http:\/\/elurbanoweb.com.ar\/diario\/wp-json\/wp\/v2\/media\/66977"}],"wp:attachment":[{"href":"http:\/\/elurbanoweb.com.ar\/diario\/wp-json\/wp\/v2\/media?parent=66976"}],"wp:term":[{"taxonomy":"category","embeddable":true,"href":"http:\/\/elurbanoweb.com.ar\/diario\/wp-json\/wp\/v2\/categories?post=66976"},{"taxonomy":"post_tag","embeddable":true,"href":"http:\/\/elurbanoweb.com.ar\/diario\/wp-json\/wp\/v2\/tags?post=66976"}],"curies":[{"name":"wp","href":"https:\/\/api.w.org\/{rel}","templated":true}]}}