{"id":67027,"date":"2026-03-05T09:42:22","date_gmt":"2026-03-05T12:42:22","guid":{"rendered":"https:\/\/elurbanoweb.com.ar\/diario\/?p=67027"},"modified":"2026-03-05T09:42:22","modified_gmt":"2026-03-05T12:42:22","slug":"villa-atamisqui-firman-convenio-con-una-mutual-en-beneficio-de-los-empleados-municipales","status":"publish","type":"post","link":"http:\/\/elurbanoweb.com.ar\/diario\/villa-atamisqui-firman-convenio-con-una-mutual-en-beneficio-de-los-empleados-municipales\/","title":{"rendered":"Villa Atamisqui: firman convenio con una Mutual en beneficio de los empleados municipales"},"content":{"rendered":"<p>El Intendente de la ciudad de Villa Atamisqui, Ing. V\u00edctor Rosales, firm\u00f3 en el d\u00eda de la fecha un convenio de colaboraci\u00f3n con la Asociaci\u00f3n Mutual Solidaria Santiago del Estero, representada por su presidente, Sr. Luis Ernesto Zanoni.<\/p>\n<p><img loading=\"lazy\" decoding=\"async\" class=\"alignnone wp-image-67028 size-large\" src=\"http:\/\/elurbanoweb.com.ar\/diario\/wp-content\/uploads\/2026\/03\/convenio3-1024x768.jpeg\" alt=\"\" width=\"1024\" height=\"768\" srcset=\"http:\/\/elurbanoweb.com.ar\/diario\/wp-content\/uploads\/2026\/03\/convenio3-1024x768.jpeg 1024w, http:\/\/elurbanoweb.com.ar\/diario\/wp-content\/uploads\/2026\/03\/convenio3-300x225.jpeg 300w, http:\/\/elurbanoweb.com.ar\/diario\/wp-content\/uploads\/2026\/03\/convenio3-150x113.jpeg 150w, http:\/\/elurbanoweb.com.ar\/diario\/wp-content\/uploads\/2026\/03\/convenio3-1536x1152.jpeg 1536w, http:\/\/elurbanoweb.com.ar\/diario\/wp-content\/uploads\/2026\/03\/convenio3.jpeg 1600w\" sizes=\"auto, (max-width: 1024px) 100vw, 1024px\" \/><\/p>\n<p><!--more--><\/p>\n<p>El acuerdo tiene como objetivo incorporar un nuevo beneficio destinado a los empleados de planta permanente del municipio.<\/p>\n<p>A partir de la puesta en vigencia del convenio, quienes deseen adherirse podr\u00e1n acceder a descuentos en farmacias locales, fortaleciendo el cuidado de la salud y contribuyendo a la econom\u00eda familiar.<\/p>\n<p>\u201cDesde el Ejecutivo Municipal continuamos impulsando pol\u00edticas y acciones concretas orientadas al bienestar de nuestros trabajadores municipales, reconociendo su compromiso diario al servicio de la comunidad\u201d, sostuvo Rosales.<\/p>\n","protected":false},"excerpt":{"rendered":"<p>El Intendente de la ciudad de Villa Atamisqui, Ing. V\u00edctor Rosales, firm\u00f3 en el d\u00eda de la fecha un convenio de colaboraci\u00f3n con la Asociaci\u00f3n Mutual Solidaria Santiago del Estero,&hellip; <\/p>\n","protected":false},"author":1,"featured_media":67028,"comment_status":"closed","ping_status":"closed","sticky":false,"template":"","format":"standard","meta":{"footnotes":""},"categories":[10],"tags":[],"class_list":["post-67027","post","type-post","status-publish","format-standard","has-post-thumbnail","hentry","category-interior"],"_links":{"self":[{"href":"http:\/\/elurbanoweb.com.ar\/diario\/wp-json\/wp\/v2\/posts\/67027","targetHints":{"allow":["GET"]}}],"collection":[{"href":"http:\/\/elurbanoweb.com.ar\/diario\/wp-json\/wp\/v2\/posts"}],"about":[{"href":"http:\/\/elurbanoweb.com.ar\/diario\/wp-json\/wp\/v2\/types\/post"}],"author":[{"embeddable":true,"href":"http:\/\/elurbanoweb.com.ar\/diario\/wp-json\/wp\/v2\/users\/1"}],"replies":[{"embeddable":true,"href":"http:\/\/elurbanoweb.com.ar\/diario\/wp-json\/wp\/v2\/comments?post=67027"}],"version-history":[{"count":1,"href":"http:\/\/elurbanoweb.com.ar\/diario\/wp-json\/wp\/v2\/posts\/67027\/revisions"}],"predecessor-version":[{"id":67029,"href":"http:\/\/elurbanoweb.com.ar\/diario\/wp-json\/wp\/v2\/posts\/67027\/revisions\/67029"}],"wp:featuredmedia":[{"embeddable":true,"href":"http:\/\/elurbanoweb.com.ar\/diario\/wp-json\/wp\/v2\/media\/67028"}],"wp:attachment":[{"href":"http:\/\/elurbanoweb.com.ar\/diario\/wp-json\/wp\/v2\/media?parent=67027"}],"wp:term":[{"taxonomy":"category","embeddable":true,"href":"http:\/\/elurbanoweb.com.ar\/diario\/wp-json\/wp\/v2\/categories?post=67027"},{"taxonomy":"post_tag","embeddable":true,"href":"http:\/\/elurbanoweb.com.ar\/diario\/wp-json\/wp\/v2\/tags?post=67027"}],"curies":[{"name":"wp","href":"https:\/\/api.w.org\/{rel}","templated":true}]}}