{"id":67077,"date":"2026-03-06T09:43:22","date_gmt":"2026-03-06T12:43:22","guid":{"rendered":"https:\/\/elurbanoweb.com.ar\/diario\/?p=67077"},"modified":"2026-03-06T09:43:22","modified_gmt":"2026-03-06T12:43:22","slug":"la-banda-conmemorara-el-dia-internacional-de-la-mujer-con-actividades-y-reconocimientos","status":"publish","type":"post","link":"http:\/\/elurbanoweb.com.ar\/diario\/la-banda-conmemorara-el-dia-internacional-de-la-mujer-con-actividades-y-reconocimientos\/","title":{"rendered":"La Banda conmemorar\u00e1 el \u201cD\u00eda Internacional de la Mujer\u201d con actividades y reconocimientos"},"content":{"rendered":"<p>La Municipalidad de La Banda, a trav\u00e9s de la Secretar\u00eda de Gobierno, invita a los vecinos a participar de una serie de actividades culturales, recreativas y de encuentro comunitario que se desarrollar\u00e1n durante el fin de semana en la ciudad, con propuestas pensadas para toda la familia.<\/p>\n<p><img loading=\"lazy\" decoding=\"async\" class=\"alignnone wp-image-67078 size-large\" src=\"http:\/\/elurbanoweb.com.ar\/diario\/wp-content\/uploads\/2026\/03\/mujer1-1024x681.jpeg\" alt=\"\" width=\"1024\" height=\"681\" srcset=\"http:\/\/elurbanoweb.com.ar\/diario\/wp-content\/uploads\/2026\/03\/mujer1-1024x681.jpeg 1024w, http:\/\/elurbanoweb.com.ar\/diario\/wp-content\/uploads\/2026\/03\/mujer1-300x200.jpeg 300w, http:\/\/elurbanoweb.com.ar\/diario\/wp-content\/uploads\/2026\/03\/mujer1-150x100.jpeg 150w, http:\/\/elurbanoweb.com.ar\/diario\/wp-content\/uploads\/2026\/03\/mujer1-1536x1021.jpeg 1536w, http:\/\/elurbanoweb.com.ar\/diario\/wp-content\/uploads\/2026\/03\/mujer1.jpeg 1600w\" sizes=\"auto, (max-width: 1024px) 100vw, 1024px\" \/><\/p>\n<p><!--more--><\/p>\n<p>En este sentido, el s\u00e1bado 7 de marzo se realizar\u00e1 el evento \u201cSound Tur LB\u201d, una propuesta que tendr\u00e1 lugar en la Plaza Belgrano desde las 18.30 hasta las 22 horas. La actividad contar\u00e1 con m\u00fasica y la participaci\u00f3n de artesanos y emprendedores locales, generando un espacio de encuentro para disfrutar, compartir y apoyar el talento local. Las personas interesadas en formar parte de la feria pueden comunicarse al n\u00famero 3854-17-2890, ya que los cupos son limitados.<\/p>\n<p>Por otra parte, en el marco del D\u00eda Internacional de la Mujer, el domingo 8 de marzo se desarrollar\u00e1 la actividad \u201cBande\u00f1as en La Banda\u201d, tambi\u00e9n en la Plaza Belgrano a partir de las 19.30 horas. Durante la jornada se podr\u00e1 disfrutar de ritmos, feria de emprendedores, shows art\u00edsticos, entrega de reconocimientos y una master class, en un espacio pensado para homenajear y destacar el rol de las mujeres en la comunidad.<\/p>\n<p>Desde el municipio se invita a todos los vecinos a participar de estas propuestas que buscan promover la cultura, el encuentro y el fortalecimiento de los emprendedores locales.<\/p>\n<p>De esta manera, desde la gesti\u00f3n del intendente Roger El\u00edas Nediani se contin\u00faa impulsando actividades que fomentan la participaci\u00f3n ciudadana, el desarrollo cultural y el acompa\u00f1amiento a los emprendedores de la ciudad.<\/p>\n","protected":false},"excerpt":{"rendered":"<p>La Municipalidad de La Banda, a trav\u00e9s de la Secretar\u00eda de Gobierno, invita a los vecinos a participar de una serie de actividades culturales, recreativas y de encuentro comunitario que&hellip; <\/p>\n","protected":false},"author":1,"featured_media":67078,"comment_status":"closed","ping_status":"closed","sticky":false,"template":"","format":"standard","meta":{"footnotes":""},"categories":[9],"tags":[],"class_list":["post-67077","post","type-post","status-publish","format-standard","has-post-thumbnail","hentry","category-la-banda"],"_links":{"self":[{"href":"http:\/\/elurbanoweb.com.ar\/diario\/wp-json\/wp\/v2\/posts\/67077","targetHints":{"allow":["GET"]}}],"collection":[{"href":"http:\/\/elurbanoweb.com.ar\/diario\/wp-json\/wp\/v2\/posts"}],"about":[{"href":"http:\/\/elurbanoweb.com.ar\/diario\/wp-json\/wp\/v2\/types\/post"}],"author":[{"embeddable":true,"href":"http:\/\/elurbanoweb.com.ar\/diario\/wp-json\/wp\/v2\/users\/1"}],"replies":[{"embeddable":true,"href":"http:\/\/elurbanoweb.com.ar\/diario\/wp-json\/wp\/v2\/comments?post=67077"}],"version-history":[{"count":1,"href":"http:\/\/elurbanoweb.com.ar\/diario\/wp-json\/wp\/v2\/posts\/67077\/revisions"}],"predecessor-version":[{"id":67079,"href":"http:\/\/elurbanoweb.com.ar\/diario\/wp-json\/wp\/v2\/posts\/67077\/revisions\/67079"}],"wp:featuredmedia":[{"embeddable":true,"href":"http:\/\/elurbanoweb.com.ar\/diario\/wp-json\/wp\/v2\/media\/67078"}],"wp:attachment":[{"href":"http:\/\/elurbanoweb.com.ar\/diario\/wp-json\/wp\/v2\/media?parent=67077"}],"wp:term":[{"taxonomy":"category","embeddable":true,"href":"http:\/\/elurbanoweb.com.ar\/diario\/wp-json\/wp\/v2\/categories?post=67077"},{"taxonomy":"post_tag","embeddable":true,"href":"http:\/\/elurbanoweb.com.ar\/diario\/wp-json\/wp\/v2\/tags?post=67077"}],"curies":[{"name":"wp","href":"https:\/\/api.w.org\/{rel}","templated":true}]}}