{"id":67174,"date":"2026-03-08T11:35:30","date_gmt":"2026-03-08T14:35:30","guid":{"rendered":"https:\/\/elurbanoweb.com.ar\/diario\/?p=67174"},"modified":"2026-03-08T11:35:30","modified_gmt":"2026-03-08T14:35:30","slug":"la-intendente-fuentes-asistio-al-homenaje-a-las-mujeres-organizado-por-el-sindicato-municipal","status":"publish","type":"post","link":"http:\/\/elurbanoweb.com.ar\/diario\/la-intendente-fuentes-asistio-al-homenaje-a-las-mujeres-organizado-por-el-sindicato-municipal\/","title":{"rendered":"La intendente Fuentes asisti\u00f3 al homenaje a las mujeres organizado por el sindicato municipal"},"content":{"rendered":"<p>La intendente Ing. Norma Fuentes particip\u00f3 de la Jornada de Encuentro y Recreaci\u00f3n organizada por el Sindicato Unido de Empleados y Obreros Municipales para homenajear a las empleadas de la comuna con motivo del d\u00eda de la mujer en el predio de la entidad gremial, en el Parque Aguirre.<\/p>\n<p><img loading=\"lazy\" decoding=\"async\" class=\"alignnone wp-image-67175 size-large\" src=\"http:\/\/elurbanoweb.com.ar\/diario\/wp-content\/uploads\/2026\/03\/sindicato-1024x639.jpg\" alt=\"\" width=\"1024\" height=\"639\" srcset=\"http:\/\/elurbanoweb.com.ar\/diario\/wp-content\/uploads\/2026\/03\/sindicato-1024x639.jpg 1024w, http:\/\/elurbanoweb.com.ar\/diario\/wp-content\/uploads\/2026\/03\/sindicato-300x187.jpg 300w, http:\/\/elurbanoweb.com.ar\/diario\/wp-content\/uploads\/2026\/03\/sindicato-150x94.jpg 150w, http:\/\/elurbanoweb.com.ar\/diario\/wp-content\/uploads\/2026\/03\/sindicato-1536x958.jpg 1536w, http:\/\/elurbanoweb.com.ar\/diario\/wp-content\/uploads\/2026\/03\/sindicato.jpg 2048w\" sizes=\"auto, (max-width: 1024px) 100vw, 1024px\" \/><\/p>\n<p><!--more--> La jefa comunal fue recibida por la comisi\u00f3n directiva encabezada por el secretario General, Jos\u00e9 Alsogaray, quien le hizo entrega de una plaqueta recordatoria \u201cpor ser la primera mujer Intendente de la ciudad Capital\u201d.<\/p>\n<p>Por su parte, la Ing. Fuentes agradeci\u00f3 la invitaci\u00f3n y el c\u00e1lido recibimiento y destac\u00f3 el rol de la mujer municipal en el seno de la organizaci\u00f3n gremial.<\/p>\n<p>\u201cEs un orgullo siempre ser la primera mujer en ocupar un lugar de gesti\u00f3n tan importante en la ciudad, es trabajar para construir redes de solidaridad y compa\u00f1erismo y de esa manera poder estar siempre presente \u201d, resalt\u00f3 la intendente.<\/p>\n<p>A la vez que remarc\u00f3 que la esencia de la mujer siempre busca construir en positivo, pensando que cuando aparecen cuestiones negativas hay que defender con verdad y con autoridad y sobre todo en este momento en un contexto tan adverso.<\/p>\n<p>Asimismo, record\u00f3 que desde la llegada del ex gobernador Gerardo Zamora la realidad de la Municipalidad fue otra, que super\u00f3 obst\u00e1culos que pese al presente que vive el pa\u00eds.<\/p>\n<p>\u201cPara mi haber armado un equipo municipal con mayor cantidad de mujeres de carrera es un orgullo, porque son mujeres que se levantan todos los d\u00edas pensando en como aportar desde el lugar que les toca\u201d, afirm\u00f3 en el final.<\/p>\n<p>En el cierre de su presencia en la jornada, la intendente encabez\u00f3 la entrega de premios y presentes a empleados municipales junto a miembros de la comisi\u00f3n y funcionarios del gabinete municipal.<\/p>\n","protected":false},"excerpt":{"rendered":"<p>La intendente Ing. Norma Fuentes particip\u00f3 de la Jornada de Encuentro y Recreaci\u00f3n organizada por el Sindicato Unido de Empleados y Obreros Municipales para homenajear a las empleadas de la&hellip; <\/p>\n","protected":false},"author":1,"featured_media":67175,"comment_status":"closed","ping_status":"closed","sticky":false,"template":"","format":"standard","meta":{"footnotes":""},"categories":[3],"tags":[],"class_list":["post-67174","post","type-post","status-publish","format-standard","has-post-thumbnail","hentry","category-municipio"],"_links":{"self":[{"href":"http:\/\/elurbanoweb.com.ar\/diario\/wp-json\/wp\/v2\/posts\/67174","targetHints":{"allow":["GET"]}}],"collection":[{"href":"http:\/\/elurbanoweb.com.ar\/diario\/wp-json\/wp\/v2\/posts"}],"about":[{"href":"http:\/\/elurbanoweb.com.ar\/diario\/wp-json\/wp\/v2\/types\/post"}],"author":[{"embeddable":true,"href":"http:\/\/elurbanoweb.com.ar\/diario\/wp-json\/wp\/v2\/users\/1"}],"replies":[{"embeddable":true,"href":"http:\/\/elurbanoweb.com.ar\/diario\/wp-json\/wp\/v2\/comments?post=67174"}],"version-history":[{"count":1,"href":"http:\/\/elurbanoweb.com.ar\/diario\/wp-json\/wp\/v2\/posts\/67174\/revisions"}],"predecessor-version":[{"id":67176,"href":"http:\/\/elurbanoweb.com.ar\/diario\/wp-json\/wp\/v2\/posts\/67174\/revisions\/67176"}],"wp:featuredmedia":[{"embeddable":true,"href":"http:\/\/elurbanoweb.com.ar\/diario\/wp-json\/wp\/v2\/media\/67175"}],"wp:attachment":[{"href":"http:\/\/elurbanoweb.com.ar\/diario\/wp-json\/wp\/v2\/media?parent=67174"}],"wp:term":[{"taxonomy":"category","embeddable":true,"href":"http:\/\/elurbanoweb.com.ar\/diario\/wp-json\/wp\/v2\/categories?post=67174"},{"taxonomy":"post_tag","embeddable":true,"href":"http:\/\/elurbanoweb.com.ar\/diario\/wp-json\/wp\/v2\/tags?post=67174"}],"curies":[{"name":"wp","href":"https:\/\/api.w.org\/{rel}","templated":true}]}}