{"id":67241,"date":"2026-03-10T09:31:32","date_gmt":"2026-03-10T12:31:32","guid":{"rendered":"https:\/\/elurbanoweb.com.ar\/diario\/?p=67241"},"modified":"2026-03-10T09:31:32","modified_gmt":"2026-03-10T12:31:32","slug":"la-municipalidad-refuerza-la-vacunacion-antigripal-para-adultos-mayores","status":"publish","type":"post","link":"http:\/\/elurbanoweb.com.ar\/diario\/la-municipalidad-refuerza-la-vacunacion-antigripal-para-adultos-mayores\/","title":{"rendered":"La Municipalidad refuerza la vacunaci\u00f3n antigripal para adultos mayores"},"content":{"rendered":"<p>La Municipalidad de La Banda, a trav\u00e9s de la Direcci\u00f3n de Salud, dependiente de la Secretar\u00eda de Coordinaci\u00f3n y Desarrollo Territorial, informa que se encuentra en marcha la Campa\u00f1a de Vacunaci\u00f3n Antigripal destinada a adultos mayores a partir de los 65 a\u00f1os.<\/p>\n<p><img loading=\"lazy\" decoding=\"async\" class=\"alignnone wp-image-67242 size-full\" src=\"http:\/\/elurbanoweb.com.ar\/diario\/wp-content\/uploads\/2026\/03\/mayores0.jpg\" alt=\"\" width=\"1010\" height=\"567\" srcset=\"http:\/\/elurbanoweb.com.ar\/diario\/wp-content\/uploads\/2026\/03\/mayores0.jpg 1010w, http:\/\/elurbanoweb.com.ar\/diario\/wp-content\/uploads\/2026\/03\/mayores0-300x168.jpg 300w, http:\/\/elurbanoweb.com.ar\/diario\/wp-content\/uploads\/2026\/03\/mayores0-150x84.jpg 150w\" sizes=\"auto, (max-width: 1010px) 100vw, 1010px\" \/><\/p>\n<p><!--more--><\/p>\n<p>La aplicaci\u00f3n de la vacuna se realiza en el CAMM N\u00b0 5 Central Argentino Ampliaci\u00f3n, con el objetivo de reforzar la prevenci\u00f3n y el cuidado de la salud de uno de los grupos m\u00e1s vulnerables ante enfermedades respiratorias.<\/p>\n<p>La atenci\u00f3n se organiza en turno ma\u00f1ana los d\u00edas martes y viernes, de 9 a 12 y en turno tarde de lunes a viernes, de 13 a 19.<\/p>\n<p>Desde el municipio se recuerda la importancia de la vacunaci\u00f3n como herramienta fundamental para prevenir complicaciones derivadas de la gripe, promoviendo el cuidado individual y colectivo bajo el lema \u201cSi nos cuidamos entre todos, seremos m\u00e1s fuertes\u201d.<\/p>\n<p>De esta manera, desde la gesti\u00f3n del intendente Ing. Roger El\u00edas Nediani se contin\u00faa fortaleciendo las pol\u00edticas p\u00fablicas de prevenci\u00f3n y acceso gratuito a la salud en los distintos sectores de la ciudad.<\/p>\n","protected":false},"excerpt":{"rendered":"<p>La Municipalidad de La Banda, a trav\u00e9s de la Direcci\u00f3n de Salud, dependiente de la Secretar\u00eda de Coordinaci\u00f3n y Desarrollo Territorial, informa que se encuentra en marcha la Campa\u00f1a de&hellip; <\/p>\n","protected":false},"author":1,"featured_media":67242,"comment_status":"closed","ping_status":"closed","sticky":false,"template":"","format":"standard","meta":{"footnotes":""},"categories":[9],"tags":[],"class_list":["post-67241","post","type-post","status-publish","format-standard","has-post-thumbnail","hentry","category-la-banda"],"_links":{"self":[{"href":"http:\/\/elurbanoweb.com.ar\/diario\/wp-json\/wp\/v2\/posts\/67241","targetHints":{"allow":["GET"]}}],"collection":[{"href":"http:\/\/elurbanoweb.com.ar\/diario\/wp-json\/wp\/v2\/posts"}],"about":[{"href":"http:\/\/elurbanoweb.com.ar\/diario\/wp-json\/wp\/v2\/types\/post"}],"author":[{"embeddable":true,"href":"http:\/\/elurbanoweb.com.ar\/diario\/wp-json\/wp\/v2\/users\/1"}],"replies":[{"embeddable":true,"href":"http:\/\/elurbanoweb.com.ar\/diario\/wp-json\/wp\/v2\/comments?post=67241"}],"version-history":[{"count":1,"href":"http:\/\/elurbanoweb.com.ar\/diario\/wp-json\/wp\/v2\/posts\/67241\/revisions"}],"predecessor-version":[{"id":67243,"href":"http:\/\/elurbanoweb.com.ar\/diario\/wp-json\/wp\/v2\/posts\/67241\/revisions\/67243"}],"wp:featuredmedia":[{"embeddable":true,"href":"http:\/\/elurbanoweb.com.ar\/diario\/wp-json\/wp\/v2\/media\/67242"}],"wp:attachment":[{"href":"http:\/\/elurbanoweb.com.ar\/diario\/wp-json\/wp\/v2\/media?parent=67241"}],"wp:term":[{"taxonomy":"category","embeddable":true,"href":"http:\/\/elurbanoweb.com.ar\/diario\/wp-json\/wp\/v2\/categories?post=67241"},{"taxonomy":"post_tag","embeddable":true,"href":"http:\/\/elurbanoweb.com.ar\/diario\/wp-json\/wp\/v2\/tags?post=67241"}],"curies":[{"name":"wp","href":"https:\/\/api.w.org\/{rel}","templated":true}]}}