{"id":67265,"date":"2026-03-10T09:48:06","date_gmt":"2026-03-10T12:48:06","guid":{"rendered":"https:\/\/elurbanoweb.com.ar\/diario\/?p=67265"},"modified":"2026-03-10T09:48:06","modified_gmt":"2026-03-10T12:48:06","slug":"la-capital-lanza-la-edicion-2026-del-ciclo-de-capacitaciones-gratuitas-para-emprendedores","status":"publish","type":"post","link":"http:\/\/elurbanoweb.com.ar\/diario\/la-capital-lanza-la-edicion-2026-del-ciclo-de-capacitaciones-gratuitas-para-emprendedores\/","title":{"rendered":"La Capital lanza la edici\u00f3n 2026 del ciclo de capacitaciones gratuitas para emprendedores"},"content":{"rendered":"<p>La Municipalidad de la Capital, a trav\u00e9s del \u00e1rea de Econom\u00eda Social de la Direcci\u00f3n de Desarrollo Social y Comunitario, pondr\u00e1 en marcha un nuevo ciclo de capacitaciones para emprendedores, una propuesta formativa gratuita destinada a fortalecer y potenciar los emprendimientos locales.<\/p>\n<p><img loading=\"lazy\" decoding=\"async\" class=\"alignnone wp-image-67266 size-full\" src=\"http:\/\/elurbanoweb.com.ar\/diario\/wp-content\/uploads\/2026\/03\/capacitacion1.jpg\" alt=\"\" width=\"1010\" height=\"567\" srcset=\"http:\/\/elurbanoweb.com.ar\/diario\/wp-content\/uploads\/2026\/03\/capacitacion1.jpg 1010w, http:\/\/elurbanoweb.com.ar\/diario\/wp-content\/uploads\/2026\/03\/capacitacion1-300x168.jpg 300w, http:\/\/elurbanoweb.com.ar\/diario\/wp-content\/uploads\/2026\/03\/capacitacion1-150x84.jpg 150w\" sizes=\"auto, (max-width: 1010px) 100vw, 1010px\" \/><\/p>\n<p><!--more--> La actividad dar\u00e1 inicio el viernes 13 de marzo, y se desarrollar\u00e1 de 15 a 17 horas en la Casa del Bicentenario del Parque Aguirre, ubicada entre calles Olaechea y Mendoza.<\/p>\n<p>Durante los encuentros, los participantes podr\u00e1n acceder a contenidos pr\u00e1cticos vinculados al dise\u00f1o y armado de stands, costos para emprendimientos, estrategias de marketing y manipulaci\u00f3n de alimentos, herramientas fundamentales para mejorar la presentaci\u00f3n, organizaci\u00f3n y comercializaci\u00f3n de productos.<\/p>\n<p>Desde el municipio se indic\u00f3 que el objetivo de esta iniciativa es brindar conocimientos y herramientas que permitan a los emprendedores fortalecer sus proyectos, mejorar sus oportunidades de comercializaci\u00f3n y seguir impulsando la econom\u00eda social en la ciudad.<\/p>\n","protected":false},"excerpt":{"rendered":"<p>La Municipalidad de la Capital, a trav\u00e9s del \u00e1rea de Econom\u00eda Social de la Direcci\u00f3n de Desarrollo Social y Comunitario, pondr\u00e1 en marcha un nuevo ciclo de capacitaciones para emprendedores,&hellip; <\/p>\n","protected":false},"author":1,"featured_media":67266,"comment_status":"closed","ping_status":"closed","sticky":false,"template":"","format":"standard","meta":{"footnotes":""},"categories":[3],"tags":[],"class_list":["post-67265","post","type-post","status-publish","format-standard","has-post-thumbnail","hentry","category-municipio"],"_links":{"self":[{"href":"http:\/\/elurbanoweb.com.ar\/diario\/wp-json\/wp\/v2\/posts\/67265","targetHints":{"allow":["GET"]}}],"collection":[{"href":"http:\/\/elurbanoweb.com.ar\/diario\/wp-json\/wp\/v2\/posts"}],"about":[{"href":"http:\/\/elurbanoweb.com.ar\/diario\/wp-json\/wp\/v2\/types\/post"}],"author":[{"embeddable":true,"href":"http:\/\/elurbanoweb.com.ar\/diario\/wp-json\/wp\/v2\/users\/1"}],"replies":[{"embeddable":true,"href":"http:\/\/elurbanoweb.com.ar\/diario\/wp-json\/wp\/v2\/comments?post=67265"}],"version-history":[{"count":1,"href":"http:\/\/elurbanoweb.com.ar\/diario\/wp-json\/wp\/v2\/posts\/67265\/revisions"}],"predecessor-version":[{"id":67267,"href":"http:\/\/elurbanoweb.com.ar\/diario\/wp-json\/wp\/v2\/posts\/67265\/revisions\/67267"}],"wp:featuredmedia":[{"embeddable":true,"href":"http:\/\/elurbanoweb.com.ar\/diario\/wp-json\/wp\/v2\/media\/67266"}],"wp:attachment":[{"href":"http:\/\/elurbanoweb.com.ar\/diario\/wp-json\/wp\/v2\/media?parent=67265"}],"wp:term":[{"taxonomy":"category","embeddable":true,"href":"http:\/\/elurbanoweb.com.ar\/diario\/wp-json\/wp\/v2\/categories?post=67265"},{"taxonomy":"post_tag","embeddable":true,"href":"http:\/\/elurbanoweb.com.ar\/diario\/wp-json\/wp\/v2\/tags?post=67265"}],"curies":[{"name":"wp","href":"https:\/\/api.w.org\/{rel}","templated":true}]}}