{"id":67314,"date":"2026-03-11T09:40:55","date_gmt":"2026-03-11T12:40:55","guid":{"rendered":"https:\/\/elurbanoweb.com.ar\/diario\/?p=67314"},"modified":"2026-03-11T09:40:55","modified_gmt":"2026-03-11T12:40:55","slug":"comenzo-el-taller-mi-rotiseria-con-comida-saludable","status":"publish","type":"post","link":"http:\/\/elurbanoweb.com.ar\/diario\/comenzo-el-taller-mi-rotiseria-con-comida-saludable\/","title":{"rendered":"Comenz\u00f3 el taller \u201cMi Rotiser\u00eda con Comida Saludable\u201d"},"content":{"rendered":"<p>La Municipalidad de La Banda, a trav\u00e9s de la Direcci\u00f3n de Nutrici\u00f3n Comunitaria, dio inicio al taller \u201cMi Rotiser\u00eda con Comida Saludable\u201d, una propuesta formativa orientada a la inserci\u00f3n laboral y al fortalecimiento de emprendimientos gastron\u00f3micos con enfoque saludable.<\/p>\n<p><img loading=\"lazy\" decoding=\"async\" class=\"alignnone wp-image-67315 size-full\" src=\"http:\/\/elurbanoweb.com.ar\/diario\/wp-content\/uploads\/2026\/03\/saludable5.jpg\" alt=\"\" width=\"1010\" height=\"567\" srcset=\"http:\/\/elurbanoweb.com.ar\/diario\/wp-content\/uploads\/2026\/03\/saludable5.jpg 1010w, http:\/\/elurbanoweb.com.ar\/diario\/wp-content\/uploads\/2026\/03\/saludable5-300x168.jpg 300w, http:\/\/elurbanoweb.com.ar\/diario\/wp-content\/uploads\/2026\/03\/saludable5-150x84.jpg 150w\" sizes=\"auto, (max-width: 1010px) 100vw, 1010px\" \/><\/p>\n<p><!--more--><\/p>\n<p>Este espacio tiene como principal objetivo capacitar a los participantes en la elaboraci\u00f3n de viandas saludables, brindando herramientas pr\u00e1cticas sobre planificaci\u00f3n de men\u00fas equilibrados, manipulaci\u00f3n segura de alimentos y organizaci\u00f3n b\u00e1sica para el desarrollo de un emprendimiento.<\/p>\n<p>La iniciativa busca no solo promover h\u00e1bitos alimentarios adecuados en la comunidad, sino tambi\u00e9n generar oportunidades concretas de autoempleo, fomentando la producci\u00f3n y comercializaci\u00f3n de comidas saludables como alternativa laboral.<\/p>\n<p>Desde la Municipalidad se contin\u00faa impulsando este tipo de capacitaciones que combinan salud, formaci\u00f3n y desarrollo econ\u00f3mico, fortaleciendo el acompa\u00f1amiento a vecinos que buscan nuevas oportunidades de crecimiento personal y profesional.<\/p>\n","protected":false},"excerpt":{"rendered":"<p>La Municipalidad de La Banda, a trav\u00e9s de la Direcci\u00f3n de Nutrici\u00f3n Comunitaria, dio inicio al taller \u201cMi Rotiser\u00eda con Comida Saludable\u201d, una propuesta formativa orientada a la inserci\u00f3n laboral&hellip; <\/p>\n","protected":false},"author":1,"featured_media":67315,"comment_status":"closed","ping_status":"closed","sticky":false,"template":"","format":"standard","meta":{"footnotes":""},"categories":[9],"tags":[],"class_list":["post-67314","post","type-post","status-publish","format-standard","has-post-thumbnail","hentry","category-la-banda"],"_links":{"self":[{"href":"http:\/\/elurbanoweb.com.ar\/diario\/wp-json\/wp\/v2\/posts\/67314","targetHints":{"allow":["GET"]}}],"collection":[{"href":"http:\/\/elurbanoweb.com.ar\/diario\/wp-json\/wp\/v2\/posts"}],"about":[{"href":"http:\/\/elurbanoweb.com.ar\/diario\/wp-json\/wp\/v2\/types\/post"}],"author":[{"embeddable":true,"href":"http:\/\/elurbanoweb.com.ar\/diario\/wp-json\/wp\/v2\/users\/1"}],"replies":[{"embeddable":true,"href":"http:\/\/elurbanoweb.com.ar\/diario\/wp-json\/wp\/v2\/comments?post=67314"}],"version-history":[{"count":1,"href":"http:\/\/elurbanoweb.com.ar\/diario\/wp-json\/wp\/v2\/posts\/67314\/revisions"}],"predecessor-version":[{"id":67316,"href":"http:\/\/elurbanoweb.com.ar\/diario\/wp-json\/wp\/v2\/posts\/67314\/revisions\/67316"}],"wp:featuredmedia":[{"embeddable":true,"href":"http:\/\/elurbanoweb.com.ar\/diario\/wp-json\/wp\/v2\/media\/67315"}],"wp:attachment":[{"href":"http:\/\/elurbanoweb.com.ar\/diario\/wp-json\/wp\/v2\/media?parent=67314"}],"wp:term":[{"taxonomy":"category","embeddable":true,"href":"http:\/\/elurbanoweb.com.ar\/diario\/wp-json\/wp\/v2\/categories?post=67314"},{"taxonomy":"post_tag","embeddable":true,"href":"http:\/\/elurbanoweb.com.ar\/diario\/wp-json\/wp\/v2\/tags?post=67314"}],"curies":[{"name":"wp","href":"https:\/\/api.w.org\/{rel}","templated":true}]}}