{"id":67329,"date":"2026-03-11T09:54:06","date_gmt":"2026-03-11T12:54:06","guid":{"rendered":"https:\/\/elurbanoweb.com.ar\/diario\/?p=67329"},"modified":"2026-03-11T09:54:06","modified_gmt":"2026-03-11T12:54:06","slug":"la-municipalidad-de-la-banda-brindo-un-taller-sobre-its-a-los-jovenes-del-hogar-de-cristo","status":"publish","type":"post","link":"http:\/\/elurbanoweb.com.ar\/diario\/la-municipalidad-de-la-banda-brindo-un-taller-sobre-its-a-los-jovenes-del-hogar-de-cristo\/","title":{"rendered":"La Municipalidad de La Banda brind\u00f3 un taller sobre ITS a los j\u00f3venes del \u201cHogar de Cristo\u201d"},"content":{"rendered":"<p>Personal de la Sala de Primeros Auxilios del barrio Villa Elena, dependiente de la Direcci\u00f3n General de Salud de la municipalidad de La Banda, brind\u00f3 un taller informativo sobre Infecciones de Transmisi\u00f3n Sexual (ITS).<\/p>\n<p><img loading=\"lazy\" decoding=\"async\" class=\"alignnone wp-image-67330 size-full\" src=\"http:\/\/elurbanoweb.com.ar\/diario\/wp-content\/uploads\/2026\/03\/cristo1.jpg\" alt=\"\" width=\"1010\" height=\"567\" srcset=\"http:\/\/elurbanoweb.com.ar\/diario\/wp-content\/uploads\/2026\/03\/cristo1.jpg 1010w, http:\/\/elurbanoweb.com.ar\/diario\/wp-content\/uploads\/2026\/03\/cristo1-300x168.jpg 300w, http:\/\/elurbanoweb.com.ar\/diario\/wp-content\/uploads\/2026\/03\/cristo1-150x84.jpg 150w\" sizes=\"auto, (max-width: 1010px) 100vw, 1010px\" \/><\/p>\n<p><!--more--><\/p>\n<p>Esta actividad se realiz\u00f3 el d\u00eda mi\u00e9rcoles en horas de la ma\u00f1ana, d\u00f3nde participaron j\u00f3venes que asisten al centro barrial \u201cHogar de Cristo\u201d, a cargo del padre \u201cPepe Di Paola\u201d.<\/p>\n<p>Seg\u00fan se inform\u00f3, el objetivo de esta propuesta fue promover la prevenci\u00f3n y concientizar sobre la importancia del uso de preservativo, la realizaci\u00f3n de testeo y el cuidado de la salud sexual.<\/p>\n<p>Las Infecciones de Transmisi\u00f3n Sexual se tratan de un conjunto de infecciones, causadas por bacterias, virus, hongos o par\u00e1sitos, que se contagian principalmente a trav\u00e9s de las relaciones sexuales y el contacto \u00edntimo.<\/p>\n<p>Una persona puede saber si tiene una ITS con un testeo r\u00e1pido de ITS (VIH, s\u00edfilis, hepatitis). \u00c9stos son gratuitos, confidenciales, sin necesidad de orden m\u00e9dica ni ayuno, y se realizan mediante un peque\u00f1o pinchazo en el dedo con resultados en 15-20 minutos.<\/p>\n","protected":false},"excerpt":{"rendered":"<p>Personal de la Sala de Primeros Auxilios del barrio Villa Elena, dependiente de la Direcci\u00f3n General de Salud de la municipalidad de La Banda, brind\u00f3 un taller informativo sobre Infecciones&hellip; <\/p>\n","protected":false},"author":1,"featured_media":67330,"comment_status":"closed","ping_status":"closed","sticky":false,"template":"","format":"standard","meta":{"footnotes":""},"categories":[9],"tags":[],"class_list":["post-67329","post","type-post","status-publish","format-standard","has-post-thumbnail","hentry","category-la-banda"],"_links":{"self":[{"href":"http:\/\/elurbanoweb.com.ar\/diario\/wp-json\/wp\/v2\/posts\/67329","targetHints":{"allow":["GET"]}}],"collection":[{"href":"http:\/\/elurbanoweb.com.ar\/diario\/wp-json\/wp\/v2\/posts"}],"about":[{"href":"http:\/\/elurbanoweb.com.ar\/diario\/wp-json\/wp\/v2\/types\/post"}],"author":[{"embeddable":true,"href":"http:\/\/elurbanoweb.com.ar\/diario\/wp-json\/wp\/v2\/users\/1"}],"replies":[{"embeddable":true,"href":"http:\/\/elurbanoweb.com.ar\/diario\/wp-json\/wp\/v2\/comments?post=67329"}],"version-history":[{"count":1,"href":"http:\/\/elurbanoweb.com.ar\/diario\/wp-json\/wp\/v2\/posts\/67329\/revisions"}],"predecessor-version":[{"id":67331,"href":"http:\/\/elurbanoweb.com.ar\/diario\/wp-json\/wp\/v2\/posts\/67329\/revisions\/67331"}],"wp:featuredmedia":[{"embeddable":true,"href":"http:\/\/elurbanoweb.com.ar\/diario\/wp-json\/wp\/v2\/media\/67330"}],"wp:attachment":[{"href":"http:\/\/elurbanoweb.com.ar\/diario\/wp-json\/wp\/v2\/media?parent=67329"}],"wp:term":[{"taxonomy":"category","embeddable":true,"href":"http:\/\/elurbanoweb.com.ar\/diario\/wp-json\/wp\/v2\/categories?post=67329"},{"taxonomy":"post_tag","embeddable":true,"href":"http:\/\/elurbanoweb.com.ar\/diario\/wp-json\/wp\/v2\/tags?post=67329"}],"curies":[{"name":"wp","href":"https:\/\/api.w.org\/{rel}","templated":true}]}}