{"id":67420,"date":"2026-03-13T08:57:22","date_gmt":"2026-03-13T11:57:22","guid":{"rendered":"https:\/\/elurbanoweb.com.ar\/diario\/?p=67420"},"modified":"2026-03-13T08:57:22","modified_gmt":"2026-03-13T11:57:22","slug":"por-primera-vez-la-unse-destinara-un-presupuesto-propio-para-el-area-de-posgrado","status":"publish","type":"post","link":"http:\/\/elurbanoweb.com.ar\/diario\/por-primera-vez-la-unse-destinara-un-presupuesto-propio-para-el-area-de-posgrado\/","title":{"rendered":"Por primera vez la UNSE destinar\u00e1 un presupuesto propio para el \u00e1rea de Posgrado"},"content":{"rendered":"<p>La Universidad Nacional de Santiago del Estero (UNSE) contar\u00e1 por primera vez con una partida presupuestaria espec\u00edfica destinada al fortalecimiento de su sistema de posgrado. La decisi\u00f3n fue anunciada tras una reuni\u00f3n del Consejo de Posgrado de la universidad y representa un avance hist\u00f3rico para el desarrollo acad\u00e9mico e investigativo de la instituci\u00f3n.<\/p>\n<p><img loading=\"lazy\" decoding=\"async\" class=\"alignnone wp-image-67421 size-large\" src=\"http:\/\/elurbanoweb.com.ar\/diario\/wp-content\/uploads\/2026\/03\/nena6-1024x461.jpeg\" alt=\"\" width=\"1024\" height=\"461\" srcset=\"http:\/\/elurbanoweb.com.ar\/diario\/wp-content\/uploads\/2026\/03\/nena6-1024x461.jpeg 1024w, http:\/\/elurbanoweb.com.ar\/diario\/wp-content\/uploads\/2026\/03\/nena6-300x135.jpeg 300w, http:\/\/elurbanoweb.com.ar\/diario\/wp-content\/uploads\/2026\/03\/nena6-150x68.jpeg 150w, http:\/\/elurbanoweb.com.ar\/diario\/wp-content\/uploads\/2026\/03\/nena6.jpeg 1280w\" sizes=\"auto, (max-width: 1024px) 100vw, 1024px\" \/><\/p>\n<p><!--more--><\/p>\n<p>La secretaria de Posgrado de la UNSE, Florencia Frau, explic\u00f3 que la medida permitir\u00e1 planificar nuevas actividades, fortalecer las carreras existentes y mejorar las condiciones de funcionamiento de las propuestas acad\u00e9micas de cuarto nivel.<\/p>\n<p>\u201cPor primera vez en la universidad hay una partida presupuestaria destinada a posgrado que se va a distribuir a partir de lo que decida el Consejo de Posgrado. Esto nos da libertad para pensar actividades propias y fortalecer las carreras que tienen las facultades\u201d, se\u00f1al\u00f3 en di\u00e1logo con medios de la universidad.<\/p>\n<p>El nuevo presupuesto permitir\u00e1 otorgar subsidios institucionales a las unidades acad\u00e9micas, destinados a colaborar con el sostenimiento de las carreras de posgrado.<\/p>\n<p>Si bien los cursos y programas de posgrado tienen aranceles, desde la universidad remarcan que los costos son considerablemente menores que los de instituciones privadas, en parte gracias al apoyo institucional.<\/p>\n<p>Actualmente la UNSE cuenta con 27 carreras de posgrado, y se encuentran en evaluaci\u00f3n dos nuevos doctorados que permitir\u00edan ampliar la oferta acad\u00e9mica en \u00e1reas a\u00fan vacantes dentro de la universidad.<\/p>\n<p>En este sentido, Frau destac\u00f3 que los recursos tambi\u00e9n permitir\u00e1n invitar docentes especializados y desarrollar nuevas propuestas formativas, con el objetivo de fortalecer la calidad acad\u00e9mica.<\/p>\n<p>ARTICULACI\u00d3N<\/p>\n<p>Uno de los lineamientos centrales impulsados por las autoridades universitarias es integrar el sistema de posgrado con las \u00e1reas de ciencia, t\u00e9cnica y vinculaci\u00f3n tecnol\u00f3gica.<\/p>\n<p>Seg\u00fan explic\u00f3 la secretaria de Posgrado, la formaci\u00f3n de posgrado y la investigaci\u00f3n est\u00e1n estrechamente vinculadas. \u201cNo existe la ciencia y la t\u00e9cnica sin el posgrado, ni el posgrado sin la ciencia y la t\u00e9cnica. Van de la mano, porque los estudiantes que realizan estas carreras necesariamente desarrollan investigaci\u00f3n\u201d, sostuvo.<\/p>\n<p>En ese marco, se proyectan actividades conjuntas de difusi\u00f3n cient\u00edfica, jornadas y espacios de intercambio que permitan visibilizar las investigaciones que se desarrollan en la universidad y fortalecer el v\u00ednculo con el sector productivo y emprendedor.<\/p>\n<p>BECAS PARA DOCENTES Y NODOCENTES<\/p>\n<p>Otro de los ejes destacados es la continuidad de las becas destinadas al personal docente y nodocente de la universidad que realiza doctorados.<\/p>\n<p>Estos apoyos permiten financiar materiales de investigaci\u00f3n, estad\u00edas acad\u00e9micas o pasant\u00edas en otras instituciones.<\/p>\n<p>Frau subray\u00f3 adem\u00e1s un dato significativo: la participaci\u00f3n de personal nodocente entre los beneficiarios de estas becas, lo que ampl\u00eda las oportunidades de formaci\u00f3n dentro de la comunidad universitaria. \u201cNo es solamente fortalecer las carreras, sino tambi\u00e9n acompa\u00f1ar a nuestro personal que est\u00e1 realizando estudios de posgrado\u201d, remarc\u00f3.<\/p>\n","protected":false},"excerpt":{"rendered":"<p>La Universidad Nacional de Santiago del Estero (UNSE) contar\u00e1 por primera vez con una partida presupuestaria espec\u00edfica destinada al fortalecimiento de su sistema de posgrado. La decisi\u00f3n fue anunciada tras&hellip; <\/p>\n","protected":false},"author":1,"featured_media":67421,"comment_status":"closed","ping_status":"closed","sticky":false,"template":"","format":"standard","meta":{"footnotes":""},"categories":[15],"tags":[],"class_list":["post-67420","post","type-post","status-publish","format-standard","has-post-thumbnail","hentry","category-unse"],"_links":{"self":[{"href":"http:\/\/elurbanoweb.com.ar\/diario\/wp-json\/wp\/v2\/posts\/67420","targetHints":{"allow":["GET"]}}],"collection":[{"href":"http:\/\/elurbanoweb.com.ar\/diario\/wp-json\/wp\/v2\/posts"}],"about":[{"href":"http:\/\/elurbanoweb.com.ar\/diario\/wp-json\/wp\/v2\/types\/post"}],"author":[{"embeddable":true,"href":"http:\/\/elurbanoweb.com.ar\/diario\/wp-json\/wp\/v2\/users\/1"}],"replies":[{"embeddable":true,"href":"http:\/\/elurbanoweb.com.ar\/diario\/wp-json\/wp\/v2\/comments?post=67420"}],"version-history":[{"count":1,"href":"http:\/\/elurbanoweb.com.ar\/diario\/wp-json\/wp\/v2\/posts\/67420\/revisions"}],"predecessor-version":[{"id":67422,"href":"http:\/\/elurbanoweb.com.ar\/diario\/wp-json\/wp\/v2\/posts\/67420\/revisions\/67422"}],"wp:featuredmedia":[{"embeddable":true,"href":"http:\/\/elurbanoweb.com.ar\/diario\/wp-json\/wp\/v2\/media\/67421"}],"wp:attachment":[{"href":"http:\/\/elurbanoweb.com.ar\/diario\/wp-json\/wp\/v2\/media?parent=67420"}],"wp:term":[{"taxonomy":"category","embeddable":true,"href":"http:\/\/elurbanoweb.com.ar\/diario\/wp-json\/wp\/v2\/categories?post=67420"},{"taxonomy":"post_tag","embeddable":true,"href":"http:\/\/elurbanoweb.com.ar\/diario\/wp-json\/wp\/v2\/tags?post=67420"}],"curies":[{"name":"wp","href":"https:\/\/api.w.org\/{rel}","templated":true}]}}