{"id":67432,"date":"2026-03-13T09:05:28","date_gmt":"2026-03-13T12:05:28","guid":{"rendered":"https:\/\/elurbanoweb.com.ar\/diario\/?p=67432"},"modified":"2026-03-13T09:05:28","modified_gmt":"2026-03-13T12:05:28","slug":"a-los-76-anos-murio-el-diputado-provincial-juan-manuel-sufloni","status":"publish","type":"post","link":"http:\/\/elurbanoweb.com.ar\/diario\/a-los-76-anos-murio-el-diputado-provincial-juan-manuel-sufloni\/","title":{"rendered":"A los 76 a\u00f1os muri\u00f3 el Diputado Provincial Juan Manuel Sufloni"},"content":{"rendered":"<p>A los 76 a\u00f1os falleci\u00f3 el diputado provincial Juan Manuel Sufloni, reconocido dirigente del peronismo que tambi\u00e9n se desempe\u00f1\u00f3 como interventor del departamento Lavalle y panelista en distintos medios de comunicaci\u00f3n.<\/p>\n<p><img loading=\"lazy\" decoding=\"async\" class=\"alignnone wp-image-67433 size-full\" src=\"http:\/\/elurbanoweb.com.ar\/diario\/wp-content\/uploads\/2026\/03\/diputado0.jpg\" alt=\"\" width=\"1010\" height=\"567\" srcset=\"http:\/\/elurbanoweb.com.ar\/diario\/wp-content\/uploads\/2026\/03\/diputado0.jpg 1010w, http:\/\/elurbanoweb.com.ar\/diario\/wp-content\/uploads\/2026\/03\/diputado0-300x168.jpg 300w, http:\/\/elurbanoweb.com.ar\/diario\/wp-content\/uploads\/2026\/03\/diputado0-150x84.jpg 150w\" sizes=\"auto, (max-width: 1010px) 100vw, 1010px\" \/><\/p>\n<p><!--more--><\/p>\n<p>Seg\u00fan se inform\u00f3, el legislador muri\u00f3 luego de enfrentar durante un tiempo una dura enfermedad. Su trayectoria pol\u00edtica estuvo marcada por su participaci\u00f3n activa dentro del justicialismo y su presencia en la vida p\u00fablica de la provincia.<\/p>\n<p>Adem\u00e1s de su labor legislativa, Sufloni mantuvo una participaci\u00f3n constante en el \u00e1mbito period\u00edstico, donde se desempe\u00f1\u00f3 como panelista en diversos espacios de an\u00e1lisis pol\u00edtico, aportando su mirada sobre la actualidad.<\/p>\n","protected":false},"excerpt":{"rendered":"<p>A los 76 a\u00f1os falleci\u00f3 el diputado provincial Juan Manuel Sufloni, reconocido dirigente del peronismo que tambi\u00e9n se desempe\u00f1\u00f3 como interventor del departamento Lavalle y panelista en distintos medios de&hellip; <\/p>\n","protected":false},"author":1,"featured_media":67433,"comment_status":"closed","ping_status":"closed","sticky":false,"template":"","format":"standard","meta":{"footnotes":""},"categories":[16],"tags":[],"class_list":["post-67432","post","type-post","status-publish","format-standard","has-post-thumbnail","hentry","category-locales"],"_links":{"self":[{"href":"http:\/\/elurbanoweb.com.ar\/diario\/wp-json\/wp\/v2\/posts\/67432","targetHints":{"allow":["GET"]}}],"collection":[{"href":"http:\/\/elurbanoweb.com.ar\/diario\/wp-json\/wp\/v2\/posts"}],"about":[{"href":"http:\/\/elurbanoweb.com.ar\/diario\/wp-json\/wp\/v2\/types\/post"}],"author":[{"embeddable":true,"href":"http:\/\/elurbanoweb.com.ar\/diario\/wp-json\/wp\/v2\/users\/1"}],"replies":[{"embeddable":true,"href":"http:\/\/elurbanoweb.com.ar\/diario\/wp-json\/wp\/v2\/comments?post=67432"}],"version-history":[{"count":1,"href":"http:\/\/elurbanoweb.com.ar\/diario\/wp-json\/wp\/v2\/posts\/67432\/revisions"}],"predecessor-version":[{"id":67434,"href":"http:\/\/elurbanoweb.com.ar\/diario\/wp-json\/wp\/v2\/posts\/67432\/revisions\/67434"}],"wp:featuredmedia":[{"embeddable":true,"href":"http:\/\/elurbanoweb.com.ar\/diario\/wp-json\/wp\/v2\/media\/67433"}],"wp:attachment":[{"href":"http:\/\/elurbanoweb.com.ar\/diario\/wp-json\/wp\/v2\/media?parent=67432"}],"wp:term":[{"taxonomy":"category","embeddable":true,"href":"http:\/\/elurbanoweb.com.ar\/diario\/wp-json\/wp\/v2\/categories?post=67432"},{"taxonomy":"post_tag","embeddable":true,"href":"http:\/\/elurbanoweb.com.ar\/diario\/wp-json\/wp\/v2\/tags?post=67432"}],"curies":[{"name":"wp","href":"https:\/\/api.w.org\/{rel}","templated":true}]}}