{"id":67480,"date":"2026-03-14T09:25:45","date_gmt":"2026-03-14T12:25:45","guid":{"rendered":"https:\/\/elurbanoweb.com.ar\/diario\/?p=67480"},"modified":"2026-03-14T09:25:45","modified_gmt":"2026-03-14T12:25:45","slug":"inicio-sus-reuniones-ordinarias-el-consejo-de-asistencia-tecnica-cat-de-la-unse","status":"publish","type":"post","link":"http:\/\/elurbanoweb.com.ar\/diario\/inicio-sus-reuniones-ordinarias-el-consejo-de-asistencia-tecnica-cat-de-la-unse\/","title":{"rendered":"Inici\u00f3 sus reuniones ordinarias el Consejo de Asistencia T\u00e9cnica (CAT) de la UNSE"},"content":{"rendered":"<p>Para dar continuidad en el 2026 con el trabajo inherente a las actividades de vinculaci\u00f3n, transferencia y sus pol\u00edticas, como as\u00ed tambi\u00e9n al tratamiento y aprobaci\u00f3n de los servicios y proyectos.<\/p>\n<p><img loading=\"lazy\" decoding=\"async\" class=\"alignnone wp-image-67481 size-large\" src=\"http:\/\/elurbanoweb.com.ar\/diario\/wp-content\/uploads\/2026\/03\/asistencia3-1024x580.jpg\" alt=\"\" width=\"1024\" height=\"580\" srcset=\"http:\/\/elurbanoweb.com.ar\/diario\/wp-content\/uploads\/2026\/03\/asistencia3-1024x580.jpg 1024w, http:\/\/elurbanoweb.com.ar\/diario\/wp-content\/uploads\/2026\/03\/asistencia3-300x170.jpg 300w, http:\/\/elurbanoweb.com.ar\/diario\/wp-content\/uploads\/2026\/03\/asistencia3-150x85.jpg 150w, http:\/\/elurbanoweb.com.ar\/diario\/wp-content\/uploads\/2026\/03\/asistencia3-1536x869.jpg 1536w, http:\/\/elurbanoweb.com.ar\/diario\/wp-content\/uploads\/2026\/03\/asistencia3.jpg 2048w\" sizes=\"auto, (max-width: 1024px) 100vw, 1024px\" \/><\/p>\n<p><!--more--> En esta primera reuni\u00f3n se abordaron diversos servicios de asistencia t\u00e9cnica, as\u00ed como otros, consistentes en cursos de capacitaci\u00f3n y actualizaciones acad\u00e9micas gestionados desde las Facultades, Escuela e Instituto.<\/p>\n<p>Presidi\u00f3 la reuni\u00f3n el rector Lic. Marcelino Ledesma y participaron decanos\/as, vicedecanos\/as; secretarios\/as de extensi\u00f3n y de vinculaci\u00f3n y transferencia, directoras de Escuelas, quienes trataron adem\u00e1s la agenda de encuentros para este a\u00f1o.<\/p>\n","protected":false},"excerpt":{"rendered":"<p>Para dar continuidad en el 2026 con el trabajo inherente a las actividades de vinculaci\u00f3n, transferencia y sus pol\u00edticas, como as\u00ed tambi\u00e9n al tratamiento y aprobaci\u00f3n de los servicios y&hellip; <\/p>\n","protected":false},"author":1,"featured_media":67481,"comment_status":"closed","ping_status":"closed","sticky":false,"template":"","format":"standard","meta":{"footnotes":""},"categories":[15],"tags":[],"class_list":["post-67480","post","type-post","status-publish","format-standard","has-post-thumbnail","hentry","category-unse"],"_links":{"self":[{"href":"http:\/\/elurbanoweb.com.ar\/diario\/wp-json\/wp\/v2\/posts\/67480","targetHints":{"allow":["GET"]}}],"collection":[{"href":"http:\/\/elurbanoweb.com.ar\/diario\/wp-json\/wp\/v2\/posts"}],"about":[{"href":"http:\/\/elurbanoweb.com.ar\/diario\/wp-json\/wp\/v2\/types\/post"}],"author":[{"embeddable":true,"href":"http:\/\/elurbanoweb.com.ar\/diario\/wp-json\/wp\/v2\/users\/1"}],"replies":[{"embeddable":true,"href":"http:\/\/elurbanoweb.com.ar\/diario\/wp-json\/wp\/v2\/comments?post=67480"}],"version-history":[{"count":1,"href":"http:\/\/elurbanoweb.com.ar\/diario\/wp-json\/wp\/v2\/posts\/67480\/revisions"}],"predecessor-version":[{"id":67482,"href":"http:\/\/elurbanoweb.com.ar\/diario\/wp-json\/wp\/v2\/posts\/67480\/revisions\/67482"}],"wp:featuredmedia":[{"embeddable":true,"href":"http:\/\/elurbanoweb.com.ar\/diario\/wp-json\/wp\/v2\/media\/67481"}],"wp:attachment":[{"href":"http:\/\/elurbanoweb.com.ar\/diario\/wp-json\/wp\/v2\/media?parent=67480"}],"wp:term":[{"taxonomy":"category","embeddable":true,"href":"http:\/\/elurbanoweb.com.ar\/diario\/wp-json\/wp\/v2\/categories?post=67480"},{"taxonomy":"post_tag","embeddable":true,"href":"http:\/\/elurbanoweb.com.ar\/diario\/wp-json\/wp\/v2\/tags?post=67480"}],"curies":[{"name":"wp","href":"https:\/\/api.w.org\/{rel}","templated":true}]}}