{"id":67504,"date":"2026-03-14T09:43:25","date_gmt":"2026-03-14T12:43:25","guid":{"rendered":"https:\/\/elurbanoweb.com.ar\/diario\/?p=67504"},"modified":"2026-03-14T09:43:25","modified_gmt":"2026-03-14T12:43:25","slug":"colapinto-quedo-a-cinco-milesimas-de-la-q3-y-largara-12-en-el-gp-de-china","status":"publish","type":"post","link":"http:\/\/elurbanoweb.com.ar\/diario\/colapinto-quedo-a-cinco-milesimas-de-la-q3-y-largara-12-en-el-gp-de-china\/","title":{"rendered":"Colapinto qued\u00f3 a cinco mil\u00e9simas de la Q3 y largar\u00e1 12\u00b0 en el GP de China"},"content":{"rendered":"<p>El piloto argentino Franco Colapinto clasific\u00f3 en la 12\u00aa posici\u00f3n para el Gran Premio de China de F\u00f3rmula 1, que se disputar\u00e1 este domingo desde las 4 de la ma\u00f1ana (hora argentina) en el circuito de Shanghai. La pole position qued\u00f3 en manos del joven italiano Kimi Antonelli, quien con apenas 19 a\u00f1os se convirti\u00f3 en el poleman m\u00e1s joven de la historia de la F\u00f3rmula 1.<\/p>\n<p><img loading=\"lazy\" decoding=\"async\" class=\"alignnone wp-image-67505 size-full\" src=\"http:\/\/elurbanoweb.com.ar\/diario\/wp-content\/uploads\/2026\/03\/colapinto1.jpg\" alt=\"\" width=\"779\" height=\"450\" srcset=\"http:\/\/elurbanoweb.com.ar\/diario\/wp-content\/uploads\/2026\/03\/colapinto1.jpg 779w, http:\/\/elurbanoweb.com.ar\/diario\/wp-content\/uploads\/2026\/03\/colapinto1-300x173.jpg 300w, http:\/\/elurbanoweb.com.ar\/diario\/wp-content\/uploads\/2026\/03\/colapinto1-150x87.jpg 150w\" sizes=\"auto, (max-width: 779px) 100vw, 779px\" \/><\/p>\n<p><!--more--><\/p>\n<p>Tras finalizar 14\u00b0 en la carrera Sprint, Colapinto mostr\u00f3 una mejora importante en la clasificaci\u00f3n. El piloto del equipo Alpine F1 Team super\u00f3 el primer corte en la 10\u00aa posici\u00f3n con un tiempo de 1m33s634, incluso por delante de su compa\u00f1ero de equipo, Pierre Gasly.<\/p>\n<p>En la segunda tanda, el argentino volvi\u00f3 a mejorar su registro y marc\u00f3 1m33s357, quedando apenas a cinco mil\u00e9simas del tiempo de Isack Hadjar, el \u00faltimo piloto que logr\u00f3 avanzar a la Q3. De esta manera, Colapinto finaliz\u00f3 12\u00b0, a solo tres d\u00e9cimas de Gasly, en lo que represent\u00f3 un avance significativo respecto a la clasificaci\u00f3n sprint del viernes, donde hab\u00eda terminado 16\u00b0.<\/p>\n<p>El progreso del piloto argentino incluso le vali\u00f3 una felicitaci\u00f3n del exigente jefe de Alpine, Flavio Briatore.<\/p>\n","protected":false},"excerpt":{"rendered":"<p>El piloto argentino Franco Colapinto clasific\u00f3 en la 12\u00aa posici\u00f3n para el Gran Premio de China de F\u00f3rmula 1, que se disputar\u00e1 este domingo desde las 4 de la ma\u00f1ana&hellip; <\/p>\n","protected":false},"author":1,"featured_media":67505,"comment_status":"closed","ping_status":"closed","sticky":false,"template":"","format":"standard","meta":{"footnotes":""},"categories":[4],"tags":[],"class_list":["post-67504","post","type-post","status-publish","format-standard","has-post-thumbnail","hentry","category-deportes"],"_links":{"self":[{"href":"http:\/\/elurbanoweb.com.ar\/diario\/wp-json\/wp\/v2\/posts\/67504","targetHints":{"allow":["GET"]}}],"collection":[{"href":"http:\/\/elurbanoweb.com.ar\/diario\/wp-json\/wp\/v2\/posts"}],"about":[{"href":"http:\/\/elurbanoweb.com.ar\/diario\/wp-json\/wp\/v2\/types\/post"}],"author":[{"embeddable":true,"href":"http:\/\/elurbanoweb.com.ar\/diario\/wp-json\/wp\/v2\/users\/1"}],"replies":[{"embeddable":true,"href":"http:\/\/elurbanoweb.com.ar\/diario\/wp-json\/wp\/v2\/comments?post=67504"}],"version-history":[{"count":1,"href":"http:\/\/elurbanoweb.com.ar\/diario\/wp-json\/wp\/v2\/posts\/67504\/revisions"}],"predecessor-version":[{"id":67506,"href":"http:\/\/elurbanoweb.com.ar\/diario\/wp-json\/wp\/v2\/posts\/67504\/revisions\/67506"}],"wp:featuredmedia":[{"embeddable":true,"href":"http:\/\/elurbanoweb.com.ar\/diario\/wp-json\/wp\/v2\/media\/67505"}],"wp:attachment":[{"href":"http:\/\/elurbanoweb.com.ar\/diario\/wp-json\/wp\/v2\/media?parent=67504"}],"wp:term":[{"taxonomy":"category","embeddable":true,"href":"http:\/\/elurbanoweb.com.ar\/diario\/wp-json\/wp\/v2\/categories?post=67504"},{"taxonomy":"post_tag","embeddable":true,"href":"http:\/\/elurbanoweb.com.ar\/diario\/wp-json\/wp\/v2\/tags?post=67504"}],"curies":[{"name":"wp","href":"https:\/\/api.w.org\/{rel}","templated":true}]}}