{"id":67592,"date":"2026-03-16T13:57:47","date_gmt":"2026-03-16T16:57:47","guid":{"rendered":"https:\/\/elurbanoweb.com.ar\/diario\/?p=67592"},"modified":"2026-03-16T13:57:47","modified_gmt":"2026-03-16T16:57:47","slug":"pozo-hondo-celebro-su-137-aniversario-con-un-acto-y-desfile-civico","status":"publish","type":"post","link":"http:\/\/elurbanoweb.com.ar\/diario\/pozo-hondo-celebro-su-137-aniversario-con-un-acto-y-desfile-civico\/","title":{"rendered":"Pozo Hondo celebr\u00f3 su 137\u00b0 aniversario con un acto y desfile c\u00edvico"},"content":{"rendered":"<p>Autoridades provinciales y locales participaron del acto central encabezado por el jefe de Gabinete, V\u00edctor Araujo, quien destac\u00f3 el crecimiento de la ciudad y el acompa\u00f1amiento del Gobierno provincial.<\/p>\n<p><img loading=\"lazy\" decoding=\"async\" class=\"alignnone wp-image-67593 size-full\" src=\"http:\/\/elurbanoweb.com.ar\/diario\/wp-content\/uploads\/2026\/03\/festejo51.jpg\" alt=\"\" width=\"1010\" height=\"567\" srcset=\"http:\/\/elurbanoweb.com.ar\/diario\/wp-content\/uploads\/2026\/03\/festejo51.jpg 1010w, http:\/\/elurbanoweb.com.ar\/diario\/wp-content\/uploads\/2026\/03\/festejo51-300x168.jpg 300w, http:\/\/elurbanoweb.com.ar\/diario\/wp-content\/uploads\/2026\/03\/festejo51-150x84.jpg 150w\" sizes=\"auto, (max-width: 1010px) 100vw, 1010px\" \/><\/p>\n<p><!--more--><\/p>\n<p>Con la presencia del jefe de Gabinete de Ministros, V\u00edctor Araujo, en representaci\u00f3n del gobernador El\u00edas Su\u00e1rez, se realiz\u00f3 el acto central por el 137\u00b0 aniversario de la ciudad de Pozo Hondo, cabera del departamento Jim\u00e9nez.<\/p>\n<p>La ceremonia se llev\u00f3 a cabo en la Plazoleta Manuel Belgrano, donde tambi\u00e9n fueron parte de las actividades oficiales el diputado nacional Jorge Mukdise; el subsecretario de Turismo, Nelson Bravo; el subsecretario de Cultura, Juan Leguizam\u00f3n; el presidente ejecutivo del Consejo Econ\u00f3mico y Social, Miguel Mandrille, entre otros funcionarios provinciales y autoridades de localidades vecinas que fueron recibidas por el intendente Alejandro Albornoz.<\/p>\n<p>Durante el acto, Albornoz destac\u00f3 la unidad de la comunidad de Pozo Hondo para celebrar este acontecimiento, como tambi\u00e9n para trabajar a diario por su desarrollo, con el acompa\u00f1amiento del Gobierno de la provincia.<\/p>\n<p>A su turno, el jefe de Gabinete celebr\u00f3 los logros en conseguidos en esta ciudad, al se\u00f1alar: \u00abA veces naturalizamos los avances que son costosos y significativos pero que se vuelven doblemente significativos cuando tomamos en cuenta el contexto en el que estamos transitando. Lamentablemente estamos en tiempos de mucha dificultad econ\u00f3mica, de much\u00edsima incertidumbre y adversidad, que torna muy dif\u00edcil intentar cualquier avance sobre todo cuando signifique dinero\u201d.<\/p>\n","protected":false},"excerpt":{"rendered":"<p>Autoridades provinciales y locales participaron del acto central encabezado por el jefe de Gabinete, V\u00edctor Araujo, quien destac\u00f3 el crecimiento de la ciudad y el acompa\u00f1amiento del Gobierno provincial.<\/p>\n","protected":false},"author":1,"featured_media":67593,"comment_status":"closed","ping_status":"closed","sticky":false,"template":"","format":"standard","meta":{"footnotes":""},"categories":[10],"tags":[],"class_list":["post-67592","post","type-post","status-publish","format-standard","has-post-thumbnail","hentry","category-interior"],"_links":{"self":[{"href":"http:\/\/elurbanoweb.com.ar\/diario\/wp-json\/wp\/v2\/posts\/67592","targetHints":{"allow":["GET"]}}],"collection":[{"href":"http:\/\/elurbanoweb.com.ar\/diario\/wp-json\/wp\/v2\/posts"}],"about":[{"href":"http:\/\/elurbanoweb.com.ar\/diario\/wp-json\/wp\/v2\/types\/post"}],"author":[{"embeddable":true,"href":"http:\/\/elurbanoweb.com.ar\/diario\/wp-json\/wp\/v2\/users\/1"}],"replies":[{"embeddable":true,"href":"http:\/\/elurbanoweb.com.ar\/diario\/wp-json\/wp\/v2\/comments?post=67592"}],"version-history":[{"count":1,"href":"http:\/\/elurbanoweb.com.ar\/diario\/wp-json\/wp\/v2\/posts\/67592\/revisions"}],"predecessor-version":[{"id":67594,"href":"http:\/\/elurbanoweb.com.ar\/diario\/wp-json\/wp\/v2\/posts\/67592\/revisions\/67594"}],"wp:featuredmedia":[{"embeddable":true,"href":"http:\/\/elurbanoweb.com.ar\/diario\/wp-json\/wp\/v2\/media\/67593"}],"wp:attachment":[{"href":"http:\/\/elurbanoweb.com.ar\/diario\/wp-json\/wp\/v2\/media?parent=67592"}],"wp:term":[{"taxonomy":"category","embeddable":true,"href":"http:\/\/elurbanoweb.com.ar\/diario\/wp-json\/wp\/v2\/categories?post=67592"},{"taxonomy":"post_tag","embeddable":true,"href":"http:\/\/elurbanoweb.com.ar\/diario\/wp-json\/wp\/v2\/tags?post=67592"}],"curies":[{"name":"wp","href":"https:\/\/api.w.org\/{rel}","templated":true}]}}