{"id":67709,"date":"2026-03-18T09:22:32","date_gmt":"2026-03-18T12:22:32","guid":{"rendered":"https:\/\/elurbanoweb.com.ar\/diario\/?p=67709"},"modified":"2026-03-18T09:22:32","modified_gmt":"2026-03-18T12:22:32","slug":"campo-gallo-el-ifd-abre-inscripciones-para-mayores-de-25-anos-sin-titulo-secundario","status":"publish","type":"post","link":"http:\/\/elurbanoweb.com.ar\/diario\/campo-gallo-el-ifd-abre-inscripciones-para-mayores-de-25-anos-sin-titulo-secundario\/","title":{"rendered":"Campo Gallo: El IFD abre inscripciones para mayores de 25 a\u00f1os sin t\u00edtulo secundario"},"content":{"rendered":"<p>El Instituto de Formaci\u00f3n Docente (IFD) de Campo Gallo anunci\u00f3 el inicio de las inscripciones para un programa de ingreso excepcional destinado a personas mayores de 25 a\u00f1os que no hayan finalizado el nivel medio. Esta iniciativa, respaldada por el Consejo General de Educaci\u00f3n, busca democratizar el acceso a la educaci\u00f3n superior en el interior provincial.<\/p>\n<p><img loading=\"lazy\" decoding=\"async\" class=\"alignnone wp-image-67710 size-large\" src=\"http:\/\/elurbanoweb.com.ar\/diario\/wp-content\/uploads\/2026\/03\/mayores3-1024x576.jpeg\" alt=\"\" width=\"1024\" height=\"576\" srcset=\"http:\/\/elurbanoweb.com.ar\/diario\/wp-content\/uploads\/2026\/03\/mayores3-1024x576.jpeg 1024w, http:\/\/elurbanoweb.com.ar\/diario\/wp-content\/uploads\/2026\/03\/mayores3-300x169.jpeg 300w, http:\/\/elurbanoweb.com.ar\/diario\/wp-content\/uploads\/2026\/03\/mayores3-150x84.jpeg 150w, http:\/\/elurbanoweb.com.ar\/diario\/wp-content\/uploads\/2026\/03\/mayores3.jpeg 1296w\" sizes=\"auto, (max-width: 1024px) 100vw, 1024px\" \/><\/p>\n<p><!--more--><\/p>\n<p>Bajo el marco del Decreto 2759\/11, los aspirantes podr\u00e1n cursar una carrera de grado si demuestran, mediante evaluaciones de aptitud y conocimientos, que cuentan con la preparaci\u00f3n necesaria para el desaf\u00edo acad\u00e9mico, valorando especialmente su experiencia previa.<\/p>\n<p>Carreras disponibles<br \/>\nLa convocatoria para este ciclo lectivo se centra en dos ofertas con gran inserci\u00f3n local:<\/p>\n<p>Profesorado en Geograf\u00eda: Formaci\u00f3n docente con fuerte anclaje territorial.<\/p>\n<p>Tecnicatura en Comunicaci\u00f3n Social: Una opci\u00f3n t\u00e9cnica vinculada a los medios y la gesti\u00f3n institucional.<\/p>\n<p>Los interesados en dar este paso hacia su crecimiento profesional deben dirigirse a la sede de la instituci\u00f3n (que funciona en el edificio de la Escuela N\u00b0 913), horario de atenci\u00f3n: Lunes a viernes de 19:00 a 22:00 hs, o pueden realizarse consultas digitales en Facebook \u201cFM Encuentro 89.5 \u2013 IFD Campo Gallo\u201d o en Instagram: @ifdcampogallo<\/p>\n","protected":false},"excerpt":{"rendered":"<p>El Instituto de Formaci\u00f3n Docente (IFD) de Campo Gallo anunci\u00f3 el inicio de las inscripciones para un programa de ingreso excepcional destinado a personas mayores de 25 a\u00f1os que no&hellip; <\/p>\n","protected":false},"author":1,"featured_media":67710,"comment_status":"closed","ping_status":"closed","sticky":false,"template":"","format":"standard","meta":{"footnotes":""},"categories":[10],"tags":[],"class_list":["post-67709","post","type-post","status-publish","format-standard","has-post-thumbnail","hentry","category-interior"],"_links":{"self":[{"href":"http:\/\/elurbanoweb.com.ar\/diario\/wp-json\/wp\/v2\/posts\/67709","targetHints":{"allow":["GET"]}}],"collection":[{"href":"http:\/\/elurbanoweb.com.ar\/diario\/wp-json\/wp\/v2\/posts"}],"about":[{"href":"http:\/\/elurbanoweb.com.ar\/diario\/wp-json\/wp\/v2\/types\/post"}],"author":[{"embeddable":true,"href":"http:\/\/elurbanoweb.com.ar\/diario\/wp-json\/wp\/v2\/users\/1"}],"replies":[{"embeddable":true,"href":"http:\/\/elurbanoweb.com.ar\/diario\/wp-json\/wp\/v2\/comments?post=67709"}],"version-history":[{"count":1,"href":"http:\/\/elurbanoweb.com.ar\/diario\/wp-json\/wp\/v2\/posts\/67709\/revisions"}],"predecessor-version":[{"id":67711,"href":"http:\/\/elurbanoweb.com.ar\/diario\/wp-json\/wp\/v2\/posts\/67709\/revisions\/67711"}],"wp:featuredmedia":[{"embeddable":true,"href":"http:\/\/elurbanoweb.com.ar\/diario\/wp-json\/wp\/v2\/media\/67710"}],"wp:attachment":[{"href":"http:\/\/elurbanoweb.com.ar\/diario\/wp-json\/wp\/v2\/media?parent=67709"}],"wp:term":[{"taxonomy":"category","embeddable":true,"href":"http:\/\/elurbanoweb.com.ar\/diario\/wp-json\/wp\/v2\/categories?post=67709"},{"taxonomy":"post_tag","embeddable":true,"href":"http:\/\/elurbanoweb.com.ar\/diario\/wp-json\/wp\/v2\/tags?post=67709"}],"curies":[{"name":"wp","href":"https:\/\/api.w.org\/{rel}","templated":true}]}}