{"id":67712,"date":"2026-03-18T09:24:53","date_gmt":"2026-03-18T12:24:53","guid":{"rendered":"https:\/\/elurbanoweb.com.ar\/diario\/?p=67712"},"modified":"2026-03-18T09:24:53","modified_gmt":"2026-03-18T12:24:53","slug":"humanidades-abre-inscripciones-para-un-seminario-de-posgrado-sobre-salud-y-sociedad","status":"publish","type":"post","link":"http:\/\/elurbanoweb.com.ar\/diario\/humanidades-abre-inscripciones-para-un-seminario-de-posgrado-sobre-salud-y-sociedad\/","title":{"rendered":"Humanidades abre inscripciones para un seminario de posgrado sobre salud y sociedad"},"content":{"rendered":"<p>La Facultad de Humanidades, Ciencias Sociales y de la Salud de la Universidad Nacional de Santiago del Estero, a trav\u00e9s de su Secretar\u00eda de Posgrado, anunci\u00f3 la realizaci\u00f3n de un nuevo seminario de formaci\u00f3n, como parte de la Maestr\u00eda en Salud Familiar y Comunitaria.<\/p>\n<p><img loading=\"lazy\" decoding=\"async\" class=\"alignnone wp-image-67713 size-full\" src=\"http:\/\/elurbanoweb.com.ar\/diario\/wp-content\/uploads\/2026\/03\/humanidades5.jpg\" alt=\"\" width=\"698\" height=\"381\" srcset=\"http:\/\/elurbanoweb.com.ar\/diario\/wp-content\/uploads\/2026\/03\/humanidades5.jpg 698w, http:\/\/elurbanoweb.com.ar\/diario\/wp-content\/uploads\/2026\/03\/humanidades5-300x164.jpg 300w, http:\/\/elurbanoweb.com.ar\/diario\/wp-content\/uploads\/2026\/03\/humanidades5-150x82.jpg 150w\" sizes=\"auto, (max-width: 698px) 100vw, 698px\" \/><\/p>\n<p><!--more--><\/p>\n<p>Se trata del seminario de posgrado \u201cAntropolog\u00eda de la salud\u201d, una propuesta acad\u00e9mica orientada a profundizar la comprensi\u00f3n de los procesos de salud y enfermedad desde una perspectiva social, cultural y comunitaria. La capacitaci\u00f3n estar\u00e1 a cargo del docente Dr. Mat\u00edas Stival y contar\u00e1 con cupos limitados.<\/p>\n<p>El seminario est\u00e1 destinado a maestrandos y doctorandos admitidos en la carrera, as\u00ed como tambi\u00e9n a profesionales externos vinculados a \u00e1reas como Ciencias Sociales, Salud, Educaci\u00f3n, Pol\u00edticas y Derechos. Adem\u00e1s, podr\u00e1n participar egresados de carreras de grado universitario con una duraci\u00f3n m\u00ednima de cuatro a\u00f1os.<\/p>\n<p>En cuanto a la modalidad, el cursado combinar\u00e1 instancias presenciales e h\u00edbridas, con una carga horaria total de 30 horas. Las clases se desarrollar\u00e1n en el mes de marzo de 2026, de acuerdo al siguiente cronograma: jueves 19\/3, de 14 a 17; viernes 20\/3, de 9 a 17 y s\u00e1bado 21\/3, de 9 a 13.<\/p>\n<p>Desde la organizaci\u00f3n destacaron que este tipo de propuestas buscan fortalecer la formaci\u00f3n de posgrado en el campo de la salud, incorporando miradas interdisciplinarias que permitan abordar las problem\u00e1ticas actuales desde una perspectiva integral.<\/p>\n<p>Para m\u00e1s informaci\u00f3n e inscripciones, las personas interesadas pueden comunicarse al correo: cursosposgradofhu@gmail.com.<\/p>\n","protected":false},"excerpt":{"rendered":"<p>La Facultad de Humanidades, Ciencias Sociales y de la Salud de la Universidad Nacional de Santiago del Estero, a trav\u00e9s de su Secretar\u00eda de Posgrado, anunci\u00f3 la realizaci\u00f3n de un&hellip; <\/p>\n","protected":false},"author":1,"featured_media":67713,"comment_status":"closed","ping_status":"closed","sticky":false,"template":"","format":"standard","meta":{"footnotes":""},"categories":[15],"tags":[],"class_list":["post-67712","post","type-post","status-publish","format-standard","has-post-thumbnail","hentry","category-unse"],"_links":{"self":[{"href":"http:\/\/elurbanoweb.com.ar\/diario\/wp-json\/wp\/v2\/posts\/67712","targetHints":{"allow":["GET"]}}],"collection":[{"href":"http:\/\/elurbanoweb.com.ar\/diario\/wp-json\/wp\/v2\/posts"}],"about":[{"href":"http:\/\/elurbanoweb.com.ar\/diario\/wp-json\/wp\/v2\/types\/post"}],"author":[{"embeddable":true,"href":"http:\/\/elurbanoweb.com.ar\/diario\/wp-json\/wp\/v2\/users\/1"}],"replies":[{"embeddable":true,"href":"http:\/\/elurbanoweb.com.ar\/diario\/wp-json\/wp\/v2\/comments?post=67712"}],"version-history":[{"count":1,"href":"http:\/\/elurbanoweb.com.ar\/diario\/wp-json\/wp\/v2\/posts\/67712\/revisions"}],"predecessor-version":[{"id":67714,"href":"http:\/\/elurbanoweb.com.ar\/diario\/wp-json\/wp\/v2\/posts\/67712\/revisions\/67714"}],"wp:featuredmedia":[{"embeddable":true,"href":"http:\/\/elurbanoweb.com.ar\/diario\/wp-json\/wp\/v2\/media\/67713"}],"wp:attachment":[{"href":"http:\/\/elurbanoweb.com.ar\/diario\/wp-json\/wp\/v2\/media?parent=67712"}],"wp:term":[{"taxonomy":"category","embeddable":true,"href":"http:\/\/elurbanoweb.com.ar\/diario\/wp-json\/wp\/v2\/categories?post=67712"},{"taxonomy":"post_tag","embeddable":true,"href":"http:\/\/elurbanoweb.com.ar\/diario\/wp-json\/wp\/v2\/tags?post=67712"}],"curies":[{"name":"wp","href":"https:\/\/api.w.org\/{rel}","templated":true}]}}