{"id":67744,"date":"2026-03-19T08:31:14","date_gmt":"2026-03-19T11:31:14","guid":{"rendered":"https:\/\/elurbanoweb.com.ar\/diario\/?p=67744"},"modified":"2026-03-19T08:31:14","modified_gmt":"2026-03-19T11:31:14","slug":"mas-de-200-vecinos-se-sumaron-a-la-master-class-solidaria-en-la-plaza-belgrano","status":"publish","type":"post","link":"http:\/\/elurbanoweb.com.ar\/diario\/mas-de-200-vecinos-se-sumaron-a-la-master-class-solidaria-en-la-plaza-belgrano\/","title":{"rendered":"M\u00e1s de 200 vecinos se sumaron a la Master Class Solidaria en la Plaza Belgrano"},"content":{"rendered":"<p>en una jornada donde el compromiso y la empat\u00eda fueron protagonistas.<\/p>\n<p><img loading=\"lazy\" decoding=\"async\" class=\"alignnone wp-image-67745 size-large\" src=\"http:\/\/elurbanoweb.com.ar\/diario\/wp-content\/uploads\/2026\/03\/master5-1024x725.jpg\" alt=\"\" width=\"1024\" height=\"725\" srcset=\"http:\/\/elurbanoweb.com.ar\/diario\/wp-content\/uploads\/2026\/03\/master5-1024x725.jpg 1024w, http:\/\/elurbanoweb.com.ar\/diario\/wp-content\/uploads\/2026\/03\/master5-300x212.jpg 300w, http:\/\/elurbanoweb.com.ar\/diario\/wp-content\/uploads\/2026\/03\/master5-150x106.jpg 150w, http:\/\/elurbanoweb.com.ar\/diario\/wp-content\/uploads\/2026\/03\/master5.jpg 1061w\" sizes=\"auto, (max-width: 1024px) 100vw, 1024px\" \/><\/p>\n<p><!--more-->Con el acompa\u00f1amiento de la Municipalidad de La Banda, esta iniciativa permiti\u00f3 reunir donaciones destinadas a las familias afectadas por la crecida del R\u00edo Dulce y los \u00faltimos temporales. Ropa, alimentos, agua, calzado y elementos esenciales fueron acercados por quienes dijeron presente.<\/p>\n<p>La actividad fue impulsada por profesoras y profesores de distintos espacios de entrenamiento de la ciudad, quienes se unieron con un mismo objetivo: ayudar a quienes m\u00e1s lo necesitan &#x1faf6;<br \/>\nSeguimos acompa\u00f1ando a cada vecino, fortaleciendo el trabajo solidario y el compromiso de toda la comunidad.<\/p>\n","protected":false},"excerpt":{"rendered":"<p>en una jornada donde el compromiso y la empat\u00eda fueron protagonistas.<\/p>\n","protected":false},"author":1,"featured_media":67745,"comment_status":"closed","ping_status":"closed","sticky":false,"template":"","format":"standard","meta":{"footnotes":""},"categories":[9],"tags":[],"class_list":["post-67744","post","type-post","status-publish","format-standard","has-post-thumbnail","hentry","category-la-banda"],"_links":{"self":[{"href":"http:\/\/elurbanoweb.com.ar\/diario\/wp-json\/wp\/v2\/posts\/67744","targetHints":{"allow":["GET"]}}],"collection":[{"href":"http:\/\/elurbanoweb.com.ar\/diario\/wp-json\/wp\/v2\/posts"}],"about":[{"href":"http:\/\/elurbanoweb.com.ar\/diario\/wp-json\/wp\/v2\/types\/post"}],"author":[{"embeddable":true,"href":"http:\/\/elurbanoweb.com.ar\/diario\/wp-json\/wp\/v2\/users\/1"}],"replies":[{"embeddable":true,"href":"http:\/\/elurbanoweb.com.ar\/diario\/wp-json\/wp\/v2\/comments?post=67744"}],"version-history":[{"count":1,"href":"http:\/\/elurbanoweb.com.ar\/diario\/wp-json\/wp\/v2\/posts\/67744\/revisions"}],"predecessor-version":[{"id":67746,"href":"http:\/\/elurbanoweb.com.ar\/diario\/wp-json\/wp\/v2\/posts\/67744\/revisions\/67746"}],"wp:featuredmedia":[{"embeddable":true,"href":"http:\/\/elurbanoweb.com.ar\/diario\/wp-json\/wp\/v2\/media\/67745"}],"wp:attachment":[{"href":"http:\/\/elurbanoweb.com.ar\/diario\/wp-json\/wp\/v2\/media?parent=67744"}],"wp:term":[{"taxonomy":"category","embeddable":true,"href":"http:\/\/elurbanoweb.com.ar\/diario\/wp-json\/wp\/v2\/categories?post=67744"},{"taxonomy":"post_tag","embeddable":true,"href":"http:\/\/elurbanoweb.com.ar\/diario\/wp-json\/wp\/v2\/tags?post=67744"}],"curies":[{"name":"wp","href":"https:\/\/api.w.org\/{rel}","templated":true}]}}