{"id":67747,"date":"2026-03-19T08:32:51","date_gmt":"2026-03-19T11:32:51","guid":{"rendered":"https:\/\/elurbanoweb.com.ar\/diario\/?p=67747"},"modified":"2026-03-19T08:32:51","modified_gmt":"2026-03-19T11:32:51","slug":"la-direccion-de-prevencion-en-adicciones-llevo-a-cabo-el-taller-acercando-realidades","status":"publish","type":"post","link":"http:\/\/elurbanoweb.com.ar\/diario\/la-direccion-de-prevencion-en-adicciones-llevo-a-cabo-el-taller-acercando-realidades\/","title":{"rendered":"La Direcci\u00f3n de Prevenci\u00f3n en Adicciones llev\u00f3 a cabo el taller \u00abAcercando Realidades\u00bb"},"content":{"rendered":"<div class=\"x14z9mp xat24cr x1lziwak x1vvkbs xtlvy1s x126k92a\">\n<div dir=\"auto\">El encuentro se desarroll\u00f3 en el Jard\u00edn de Primera Infancia \u00abBambi\u00bb y estuvo destinado al equipo docente de la instituci\u00f3n. El objetivo principal es brindar herramientas y espacios de reflexi\u00f3n para abordar de manera integral las realidades actuales desde la educaci\u00f3n temprana.<\/div>\n<\/div>\n<p><img loading=\"lazy\" decoding=\"async\" class=\"alignnone wp-image-67748 size-large\" src=\"http:\/\/elurbanoweb.com.ar\/diario\/wp-content\/uploads\/2026\/03\/adicciones2-1024x696.jpg\" alt=\"\" width=\"1024\" height=\"696\" srcset=\"http:\/\/elurbanoweb.com.ar\/diario\/wp-content\/uploads\/2026\/03\/adicciones2-1024x696.jpg 1024w, http:\/\/elurbanoweb.com.ar\/diario\/wp-content\/uploads\/2026\/03\/adicciones2-300x204.jpg 300w, http:\/\/elurbanoweb.com.ar\/diario\/wp-content\/uploads\/2026\/03\/adicciones2-150x102.jpg 150w, http:\/\/elurbanoweb.com.ar\/diario\/wp-content\/uploads\/2026\/03\/adicciones2-1536x1043.jpg 1536w, http:\/\/elurbanoweb.com.ar\/diario\/wp-content\/uploads\/2026\/03\/adicciones2.jpg 1593w\" sizes=\"auto, (max-width: 1024px) 100vw, 1024px\" \/><\/p>\n<p><!--more--><\/p>\n<div class=\"x14z9mp xat24cr x1lziwak x1vvkbs xtlvy1s x126k92a\">\n<div dir=\"auto\">Seguimos trabajando juntos por una ciudad m\u00e1s prevenida y conectada con su comunidad.<\/div>\n<\/div>\n","protected":false},"excerpt":{"rendered":"<p>El encuentro se desarroll\u00f3 en el Jard\u00edn de Primera Infancia \u00abBambi\u00bb y estuvo destinado al equipo docente de la instituci\u00f3n. El objetivo principal es brindar herramientas y espacios de reflexi\u00f3n&hellip; <\/p>\n","protected":false},"author":1,"featured_media":67748,"comment_status":"closed","ping_status":"closed","sticky":false,"template":"","format":"standard","meta":{"footnotes":""},"categories":[9],"tags":[],"class_list":["post-67747","post","type-post","status-publish","format-standard","has-post-thumbnail","hentry","category-la-banda"],"_links":{"self":[{"href":"http:\/\/elurbanoweb.com.ar\/diario\/wp-json\/wp\/v2\/posts\/67747","targetHints":{"allow":["GET"]}}],"collection":[{"href":"http:\/\/elurbanoweb.com.ar\/diario\/wp-json\/wp\/v2\/posts"}],"about":[{"href":"http:\/\/elurbanoweb.com.ar\/diario\/wp-json\/wp\/v2\/types\/post"}],"author":[{"embeddable":true,"href":"http:\/\/elurbanoweb.com.ar\/diario\/wp-json\/wp\/v2\/users\/1"}],"replies":[{"embeddable":true,"href":"http:\/\/elurbanoweb.com.ar\/diario\/wp-json\/wp\/v2\/comments?post=67747"}],"version-history":[{"count":1,"href":"http:\/\/elurbanoweb.com.ar\/diario\/wp-json\/wp\/v2\/posts\/67747\/revisions"}],"predecessor-version":[{"id":67749,"href":"http:\/\/elurbanoweb.com.ar\/diario\/wp-json\/wp\/v2\/posts\/67747\/revisions\/67749"}],"wp:featuredmedia":[{"embeddable":true,"href":"http:\/\/elurbanoweb.com.ar\/diario\/wp-json\/wp\/v2\/media\/67748"}],"wp:attachment":[{"href":"http:\/\/elurbanoweb.com.ar\/diario\/wp-json\/wp\/v2\/media?parent=67747"}],"wp:term":[{"taxonomy":"category","embeddable":true,"href":"http:\/\/elurbanoweb.com.ar\/diario\/wp-json\/wp\/v2\/categories?post=67747"},{"taxonomy":"post_tag","embeddable":true,"href":"http:\/\/elurbanoweb.com.ar\/diario\/wp-json\/wp\/v2\/tags?post=67747"}],"curies":[{"name":"wp","href":"https:\/\/api.w.org\/{rel}","templated":true}]}}