{"id":67750,"date":"2026-03-19T08:34:50","date_gmt":"2026-03-19T11:34:50","guid":{"rendered":"https:\/\/elurbanoweb.com.ar\/diario\/?p=67750"},"modified":"2026-03-19T08:35:06","modified_gmt":"2026-03-19T11:35:06","slug":"la-municipalidad-de-la-banda-intensifica-las-tareas-de-higiene-con-un-operativo-integral-en-el-barrio-17-de-octubre","status":"publish","type":"post","link":"http:\/\/elurbanoweb.com.ar\/diario\/la-municipalidad-de-la-banda-intensifica-las-tareas-de-higiene-con-un-operativo-integral-en-el-barrio-17-de-octubre\/","title":{"rendered":"La Municipalidad intensifica las tareas de higiene con un operativo integral en el barrio 17 de Octubre"},"content":{"rendered":"<p>Como premisa de las pol\u00edticas p\u00fablicas impulsadas desde la gesti\u00f3n del intendente Roger Nediani.<\/p>\n<p><img loading=\"lazy\" decoding=\"async\" class=\"alignnone wp-image-67751 size-large\" src=\"http:\/\/elurbanoweb.com.ar\/diario\/wp-content\/uploads\/2026\/03\/premisa-1024x680.jpg\" alt=\"\" width=\"1024\" height=\"680\" srcset=\"http:\/\/elurbanoweb.com.ar\/diario\/wp-content\/uploads\/2026\/03\/premisa-1024x680.jpg 1024w, http:\/\/elurbanoweb.com.ar\/diario\/wp-content\/uploads\/2026\/03\/premisa-300x199.jpg 300w, http:\/\/elurbanoweb.com.ar\/diario\/wp-content\/uploads\/2026\/03\/premisa-150x100.jpg 150w, http:\/\/elurbanoweb.com.ar\/diario\/wp-content\/uploads\/2026\/03\/premisa-1536x1020.jpg 1536w, http:\/\/elurbanoweb.com.ar\/diario\/wp-content\/uploads\/2026\/03\/premisa.jpg 1600w\" sizes=\"auto, (max-width: 1024px) 100vw, 1024px\" \/><\/p>\n<p><!--more--> \u00a1Tu colaboraci\u00f3n es clave! Cuidar la limpieza de la ciudad es un compromiso de todos. Evitemos arrojar residuos en lugares no permitidos.<\/p>\n","protected":false},"excerpt":{"rendered":"<p>Como premisa de las pol\u00edticas p\u00fablicas impulsadas desde la gesti\u00f3n del intendente Roger Nediani.<\/p>\n","protected":false},"author":1,"featured_media":67751,"comment_status":"closed","ping_status":"closed","sticky":false,"template":"","format":"standard","meta":{"footnotes":""},"categories":[9],"tags":[],"class_list":["post-67750","post","type-post","status-publish","format-standard","has-post-thumbnail","hentry","category-la-banda"],"_links":{"self":[{"href":"http:\/\/elurbanoweb.com.ar\/diario\/wp-json\/wp\/v2\/posts\/67750","targetHints":{"allow":["GET"]}}],"collection":[{"href":"http:\/\/elurbanoweb.com.ar\/diario\/wp-json\/wp\/v2\/posts"}],"about":[{"href":"http:\/\/elurbanoweb.com.ar\/diario\/wp-json\/wp\/v2\/types\/post"}],"author":[{"embeddable":true,"href":"http:\/\/elurbanoweb.com.ar\/diario\/wp-json\/wp\/v2\/users\/1"}],"replies":[{"embeddable":true,"href":"http:\/\/elurbanoweb.com.ar\/diario\/wp-json\/wp\/v2\/comments?post=67750"}],"version-history":[{"count":2,"href":"http:\/\/elurbanoweb.com.ar\/diario\/wp-json\/wp\/v2\/posts\/67750\/revisions"}],"predecessor-version":[{"id":67753,"href":"http:\/\/elurbanoweb.com.ar\/diario\/wp-json\/wp\/v2\/posts\/67750\/revisions\/67753"}],"wp:featuredmedia":[{"embeddable":true,"href":"http:\/\/elurbanoweb.com.ar\/diario\/wp-json\/wp\/v2\/media\/67751"}],"wp:attachment":[{"href":"http:\/\/elurbanoweb.com.ar\/diario\/wp-json\/wp\/v2\/media?parent=67750"}],"wp:term":[{"taxonomy":"category","embeddable":true,"href":"http:\/\/elurbanoweb.com.ar\/diario\/wp-json\/wp\/v2\/categories?post=67750"},{"taxonomy":"post_tag","embeddable":true,"href":"http:\/\/elurbanoweb.com.ar\/diario\/wp-json\/wp\/v2\/tags?post=67750"}],"curies":[{"name":"wp","href":"https:\/\/api.w.org\/{rel}","templated":true}]}}