{"id":67754,"date":"2026-03-19T08:36:26","date_gmt":"2026-03-19T11:36:26","guid":{"rendered":"https:\/\/elurbanoweb.com.ar\/diario\/?p=67754"},"modified":"2026-03-19T08:36:26","modified_gmt":"2026-03-19T11:36:26","slug":"la-intendente-fuentes-y-la-ministra-nassif-lanzaron-la-vacunacion-antigripal-para-los-centros-de-jubilados-de-la-ciudad","status":"publish","type":"post","link":"http:\/\/elurbanoweb.com.ar\/diario\/la-intendente-fuentes-y-la-ministra-nassif-lanzaron-la-vacunacion-antigripal-para-los-centros-de-jubilados-de-la-ciudad\/","title":{"rendered":"La intendente Fuentes y la ministra Nassif lanzaron la vacunaci\u00f3n antigripal para los centros de jubilados de la ciudad"},"content":{"rendered":"<p>En el Club de los Abuelos, la intendente de la Capital, Ing. Norma Fuentes y la ministra de Salud, Natividad Nassif, encabezaron el inicio de la Campa\u00f1a de Vacunaci\u00f3n Antigripal 2026 en los centros de jubilados de la ciudad.<\/p>\n<p><img loading=\"lazy\" decoding=\"async\" class=\"alignnone wp-image-67755 size-large\" src=\"http:\/\/elurbanoweb.com.ar\/diario\/wp-content\/uploads\/2026\/03\/abuelos1-1024x682.jpg\" alt=\"\" width=\"1024\" height=\"682\" srcset=\"http:\/\/elurbanoweb.com.ar\/diario\/wp-content\/uploads\/2026\/03\/abuelos1-1024x682.jpg 1024w, http:\/\/elurbanoweb.com.ar\/diario\/wp-content\/uploads\/2026\/03\/abuelos1-300x200.jpg 300w, http:\/\/elurbanoweb.com.ar\/diario\/wp-content\/uploads\/2026\/03\/abuelos1-150x100.jpg 150w, http:\/\/elurbanoweb.com.ar\/diario\/wp-content\/uploads\/2026\/03\/abuelos1-1536x1023.jpg 1536w, http:\/\/elurbanoweb.com.ar\/diario\/wp-content\/uploads\/2026\/03\/abuelos1.jpg 1600w\" sizes=\"auto, (max-width: 1024px) 100vw, 1024px\" \/><\/p>\n<p><!--more--> La iniciativa busca reforzar las pol\u00edticas p\u00fablicas de prevenci\u00f3n y cuidado de la salud, especialmente orientadas a los adultos mayores, siguiendo un cronograma que se extender\u00e1 progresivamente a todas las instituciones que agrupan a personas de la tercera edad.<\/p>\n<p>\u00abVacunarse representa siempre un acto de amor y de empat\u00eda, ya que de esa forma no solo prevenimos enfermedades que nos pueden afectar a nosotros mismos, sino tambi\u00e9n evitamos contagiar a quienes nos rodean\u00bb, se\u00f1al\u00f3 la jefa comunal.<\/p>\n<p>\u00abEs fundamental que el Estado garantice el acceso equitativo a los servicios de salud a trav\u00e9s de la articulaci\u00f3n entre la provincia y el municipio, con la participaci\u00f3n activa de todos los centros de jubilados de la ciudad\u00bb, afirm\u00f3.<\/p>\n<p>Por su parte, la ministra Nassif resalt\u00f3 que \u00abes una prioridad proteger a los grupos vulnerables, garantizando que antes de que empiecen los primeros fr\u00edos, los adultos mayores ya se encuentren inmunizados contra la gripe\u00bb.<\/p>\n<p>A su vez, la jefa del Programa Provincial de Inmunizaciones, Florencia Coronel, destac\u00f3 que \u00abel prop\u00f3sito de la campa\u00f1a es acercar la vacuna a la comunidad de adultos mayores, quienes presentan mayor vulnerabilidad frente a complicaciones derivadas de la gripe\u00bb.<\/p>\n<p>Finalmente, la presidenta del Club de los Abuelos, Fidelina del Valle Abraham, valor\u00f3 el acompa\u00f1amiento de las autoridades a los centros de jubilados y reconoci\u00f3 que \u00ablas vacunas representan una medida fundamental para prevenir enfermedades durante la temporada invernal\u00bb.<\/p>\n<p>Se recuerda a la comunidad que la vacuna antigripal tambi\u00e9n es gratuita y obligatoria para ni\u00f1os de 6 a 24 meses, embarazadas (cualquier trimestre), pu\u00e9rperas, personal de salud\/estrat\u00e9gico y personas de 2 a 64 a\u00f1os con comorbilidades (diabetes, obesidad, enfermedades respiratorias\/card\u00edacas, inmunodeficiencias).<\/p>\n<p>La intendente Fuentes estuvo acompa\u00f1ada por el secretario de Gobierno, Walter Medina Salom\u00f3n; el subsecretario de Salud y Desarrollo Social, Mauro Kalinski; el director de Salud, Antonio Palomo; la subdirectora de la Tercera Edad, N\u00e9lida Mart\u00ednez: y la referente de los jubilados, Reina Castillo.<\/p>\n","protected":false},"excerpt":{"rendered":"<p>En el Club de los Abuelos, la intendente de la Capital, Ing. Norma Fuentes y la ministra de Salud, Natividad Nassif, encabezaron el inicio de la Campa\u00f1a de Vacunaci\u00f3n Antigripal&hellip; <\/p>\n","protected":false},"author":1,"featured_media":67755,"comment_status":"closed","ping_status":"closed","sticky":false,"template":"","format":"standard","meta":{"footnotes":""},"categories":[3],"tags":[],"class_list":["post-67754","post","type-post","status-publish","format-standard","has-post-thumbnail","hentry","category-municipio"],"_links":{"self":[{"href":"http:\/\/elurbanoweb.com.ar\/diario\/wp-json\/wp\/v2\/posts\/67754","targetHints":{"allow":["GET"]}}],"collection":[{"href":"http:\/\/elurbanoweb.com.ar\/diario\/wp-json\/wp\/v2\/posts"}],"about":[{"href":"http:\/\/elurbanoweb.com.ar\/diario\/wp-json\/wp\/v2\/types\/post"}],"author":[{"embeddable":true,"href":"http:\/\/elurbanoweb.com.ar\/diario\/wp-json\/wp\/v2\/users\/1"}],"replies":[{"embeddable":true,"href":"http:\/\/elurbanoweb.com.ar\/diario\/wp-json\/wp\/v2\/comments?post=67754"}],"version-history":[{"count":1,"href":"http:\/\/elurbanoweb.com.ar\/diario\/wp-json\/wp\/v2\/posts\/67754\/revisions"}],"predecessor-version":[{"id":67756,"href":"http:\/\/elurbanoweb.com.ar\/diario\/wp-json\/wp\/v2\/posts\/67754\/revisions\/67756"}],"wp:featuredmedia":[{"embeddable":true,"href":"http:\/\/elurbanoweb.com.ar\/diario\/wp-json\/wp\/v2\/media\/67755"}],"wp:attachment":[{"href":"http:\/\/elurbanoweb.com.ar\/diario\/wp-json\/wp\/v2\/media?parent=67754"}],"wp:term":[{"taxonomy":"category","embeddable":true,"href":"http:\/\/elurbanoweb.com.ar\/diario\/wp-json\/wp\/v2\/categories?post=67754"},{"taxonomy":"post_tag","embeddable":true,"href":"http:\/\/elurbanoweb.com.ar\/diario\/wp-json\/wp\/v2\/tags?post=67754"}],"curies":[{"name":"wp","href":"https:\/\/api.w.org\/{rel}","templated":true}]}}