{"id":67856,"date":"2026-03-21T10:39:02","date_gmt":"2026-03-21T13:39:02","guid":{"rendered":"https:\/\/elurbanoweb.com.ar\/diario\/?p=67856"},"modified":"2026-03-21T10:39:02","modified_gmt":"2026-03-21T13:39:02","slug":"nuevos-estudiantes-de-trabajo-social-comenzaron-su-formacion-en-la-facultad-de-humanidades","status":"publish","type":"post","link":"http:\/\/elurbanoweb.com.ar\/diario\/nuevos-estudiantes-de-trabajo-social-comenzaron-su-formacion-en-la-facultad-de-humanidades\/","title":{"rendered":"Nuevos estudiantes de Trabajo Social comenzaron su formaci\u00f3n en la Facultad de Humanidades"},"content":{"rendered":"<p>La Facultad de Humanidades, Ciencias Sociales y de la Salud de la Universidad Nacional de Santiago del Estero (UNSE) dio la bienvenida a los ingresantes de la Licenciatura en Trabajo Social.<\/p>\n<p><img loading=\"lazy\" decoding=\"async\" class=\"alignnone wp-image-67857 size-large\" src=\"http:\/\/elurbanoweb.com.ar\/diario\/wp-content\/uploads\/2026\/03\/social5-1024x575.jpg\" alt=\"\" width=\"1024\" height=\"575\" srcset=\"http:\/\/elurbanoweb.com.ar\/diario\/wp-content\/uploads\/2026\/03\/social5-1024x575.jpg 1024w, http:\/\/elurbanoweb.com.ar\/diario\/wp-content\/uploads\/2026\/03\/social5-300x169.jpg 300w, http:\/\/elurbanoweb.com.ar\/diario\/wp-content\/uploads\/2026\/03\/social5-150x84.jpg 150w, http:\/\/elurbanoweb.com.ar\/diario\/wp-content\/uploads\/2026\/03\/social5.jpg 1500w\" sizes=\"auto, (max-width: 1024px) 100vw, 1024px\" \/><\/p>\n<p><!--more--><\/p>\n<p>La actividad cont\u00f3 con la participaci\u00f3n del rector de la UNSE, Marcelino Ledesma; la decana de la Facultad, Sandra Moreira; y la vicedecana, Carla Ferreyra, quienes compartieron un espacio de encuentro con los nuevos estudiantes.<\/p>\n<p>Durante la jornada, las autoridades destacaron la importancia de esta etapa inicial como un momento clave en la construcci\u00f3n del recorrido acad\u00e9mico y profesional, al tiempo que remarcaron el compromiso de la universidad p\u00fablica con la formaci\u00f3n integral de sus estudiantes.<\/p>\n<p>En ese marco, Ledesma expres\u00f3 que \u201cingresar a la universidad p\u00fablica es tambi\u00e9n asumir un compromiso con la sociedad. Desde la UNSE trabajamos para garantizar una educaci\u00f3n de calidad, inclusiva y al servicio del desarrollo de nuestra comunidad\u201d.<\/p>\n<p>Por su parte, Moreira dio la bienvenida a los estudiantes y subray\u00f3 el rol de la carrera al se\u00f1alar que \u201cTrabajo Social es una disciplina profundamente comprometida con la realidad social. Aqu\u00ed van a formarse no solo como profesionales, sino como sujetos cr\u00edticos, capaces de intervenir y transformar sus entornos\u201d.<\/p>\n<p>A su turno, Ferreyra puso el acento en el acompa\u00f1amiento institucional y afirm\u00f3 que \u201csabemos que el ingreso a la universidad implica desaf\u00edos, por eso desde la Facultad estamos presentes para acompa\u00f1arlos en este proceso, brindando herramientas y generando espacios de contenci\u00f3n y aprendizaje\u201d.<\/p>\n<p>La charla se desarroll\u00f3 en un clima de cercan\u00eda y participaci\u00f3n, y permiti\u00f3 a los ingresantes interiorizarse sobre aspectos acad\u00e9micos, institucionales y del perfil profesional de la carrera, en el marco de una propuesta que busca fortalecer el v\u00ednculo entre la universidad y sus estudiantes desde el inicio de su formaci\u00f3n.<\/p>\n","protected":false},"excerpt":{"rendered":"<p>La Facultad de Humanidades, Ciencias Sociales y de la Salud de la Universidad Nacional de Santiago del Estero (UNSE) dio la bienvenida a los ingresantes de la Licenciatura en Trabajo&hellip; <\/p>\n","protected":false},"author":1,"featured_media":67857,"comment_status":"closed","ping_status":"closed","sticky":false,"template":"","format":"standard","meta":{"footnotes":""},"categories":[15],"tags":[],"class_list":["post-67856","post","type-post","status-publish","format-standard","has-post-thumbnail","hentry","category-unse"],"_links":{"self":[{"href":"http:\/\/elurbanoweb.com.ar\/diario\/wp-json\/wp\/v2\/posts\/67856","targetHints":{"allow":["GET"]}}],"collection":[{"href":"http:\/\/elurbanoweb.com.ar\/diario\/wp-json\/wp\/v2\/posts"}],"about":[{"href":"http:\/\/elurbanoweb.com.ar\/diario\/wp-json\/wp\/v2\/types\/post"}],"author":[{"embeddable":true,"href":"http:\/\/elurbanoweb.com.ar\/diario\/wp-json\/wp\/v2\/users\/1"}],"replies":[{"embeddable":true,"href":"http:\/\/elurbanoweb.com.ar\/diario\/wp-json\/wp\/v2\/comments?post=67856"}],"version-history":[{"count":1,"href":"http:\/\/elurbanoweb.com.ar\/diario\/wp-json\/wp\/v2\/posts\/67856\/revisions"}],"predecessor-version":[{"id":67858,"href":"http:\/\/elurbanoweb.com.ar\/diario\/wp-json\/wp\/v2\/posts\/67856\/revisions\/67858"}],"wp:featuredmedia":[{"embeddable":true,"href":"http:\/\/elurbanoweb.com.ar\/diario\/wp-json\/wp\/v2\/media\/67857"}],"wp:attachment":[{"href":"http:\/\/elurbanoweb.com.ar\/diario\/wp-json\/wp\/v2\/media?parent=67856"}],"wp:term":[{"taxonomy":"category","embeddable":true,"href":"http:\/\/elurbanoweb.com.ar\/diario\/wp-json\/wp\/v2\/categories?post=67856"},{"taxonomy":"post_tag","embeddable":true,"href":"http:\/\/elurbanoweb.com.ar\/diario\/wp-json\/wp\/v2\/tags?post=67856"}],"curies":[{"name":"wp","href":"https:\/\/api.w.org\/{rel}","templated":true}]}}