{"id":67862,"date":"2026-03-21T10:41:12","date_gmt":"2026-03-21T13:41:12","guid":{"rendered":"https:\/\/elurbanoweb.com.ar\/diario\/?p=67862"},"modified":"2026-03-21T10:41:12","modified_gmt":"2026-03-21T13:41:12","slug":"gerardo-zamora-impulsa-la-creacion-de-una-comision-especial-para-el-seguimiento-del-acuerdo-mercosur-union-europea","status":"publish","type":"post","link":"http:\/\/elurbanoweb.com.ar\/diario\/gerardo-zamora-impulsa-la-creacion-de-una-comision-especial-para-el-seguimiento-del-acuerdo-mercosur-union-europea\/","title":{"rendered":"Gerardo Zamora impulsa la creaci\u00f3n de una Comisi\u00f3n Especial para el seguimiento del acuerdo MERCOSUR\u2013Uni\u00f3n Europea"},"content":{"rendered":"<p>El senador nacional Gerardo Zamora present\u00f3 un proyecto de resoluci\u00f3n para la creaci\u00f3n, en el \u00e1mbito del Honorable Senado de la Naci\u00f3n, de la Comisi\u00f3n Especial de Seguimiento, Monitoreo y Coordinaci\u00f3n Federal del Acuerdo Interino de Comercio entre el MERCOSUR y la Uni\u00f3n Europea, en el marco de la Ley 27.800.<\/p>\n<p><img loading=\"lazy\" decoding=\"async\" class=\"alignnone wp-image-67863 size-large\" src=\"http:\/\/elurbanoweb.com.ar\/diario\/wp-content\/uploads\/2026\/03\/papi-1024x682.jpg\" alt=\"\" width=\"1024\" height=\"682\" srcset=\"http:\/\/elurbanoweb.com.ar\/diario\/wp-content\/uploads\/2026\/03\/papi-1024x682.jpg 1024w, http:\/\/elurbanoweb.com.ar\/diario\/wp-content\/uploads\/2026\/03\/papi-300x200.jpg 300w, http:\/\/elurbanoweb.com.ar\/diario\/wp-content\/uploads\/2026\/03\/papi-150x100.jpg 150w, http:\/\/elurbanoweb.com.ar\/diario\/wp-content\/uploads\/2026\/03\/papi.jpg 1440w\" sizes=\"auto, (max-width: 1024px) 100vw, 1024px\" \/><\/p>\n<p><!--more--><\/p>\n<p>La iniciativa propone la conformaci\u00f3n de una comisi\u00f3n integrada por 17 senadores, con representaci\u00f3n federal de todas las regiones del pa\u00eds. Su objetivo central ser\u00e1 acompa\u00f1ar t\u00e9cnica y pol\u00edticamente la implementaci\u00f3n del acuerdo, poniendo especial \u00e9nfasis en su impacto sobre las econom\u00edas provinciales, las peque\u00f1as y medianas empresas (PYMES) y los sectores productivos regionales.<\/p>\n<p>Entre sus principales funciones se destacan el monitoreo de los subcomit\u00e9s de comercio, la articulaci\u00f3n con legislaturas provinciales, la convocatoria a audiencias p\u00fablicas en todo el territorio nacional y la solicitud de informes peri\u00f3dicos al Poder Ejecutivo.<\/p>\n<p>El proyecto subraya la importancia estrat\u00e9gica del acuerdo para las provincias, ya que aborda competencias propias de los estados subnacionales, como la regulaci\u00f3n de los recursos naturales, la contrataci\u00f3n p\u00fablica y los est\u00e1ndares productivos locales.<\/p>\n<p>En este sentido, la comisi\u00f3n busca garantizar la participaci\u00f3n activa de las provincias en cada etapa de implementaci\u00f3n.<\/p>\n<p>En el caso de Santiago del Estero, el acuerdo contempla la eliminaci\u00f3n de aranceles para el 99% de los productos agroindustriales, lo que representa una oportunidad directa para sectores como la producci\u00f3n de ma\u00edz, soja, trigo y carne bovina. No obstante, Zamora advierte que este potencial solo podr\u00e1 aprovecharse plenamente mediante un Estado activo y una s\u00f3lida articulaci\u00f3n federal.<\/p>\n<p>Actualmente, la Argentina exporta a la Uni\u00f3n Europea aproximadamente 8.000 millones de d\u00f3lares anuales, de los cuales el 85% corresponde a la cadena agroindustrial. Este contexto refuerza la necesidad de un seguimiento parlamentario riguroso que contemple las particularidades productivas de cada regi\u00f3n.<\/p>\n<p>En los fundamentos del proyecto, Zamora destac\u00f3: \u201cLas provincias ser\u00e1n las verdaderas protagonistas de este esfuerzo. Es en la Argentina profunda donde se est\u00e1 jugando el destino del pa\u00eds\u201d.<\/p>\n<p>La iniciativa apunta a consolidar al Senado de la Naci\u00f3n \u2014como c\u00e1mara representativa de las provincias\u2014 como un actor central en el proceso de integraci\u00f3n internacional, promoviendo una participaci\u00f3n activa y federal, y no meramente observadora.<\/p>\n","protected":false},"excerpt":{"rendered":"<p>El senador nacional Gerardo Zamora present\u00f3 un proyecto de resoluci\u00f3n para la creaci\u00f3n, en el \u00e1mbito del Honorable Senado de la Naci\u00f3n, de la Comisi\u00f3n Especial de Seguimiento, Monitoreo y&hellip; <\/p>\n","protected":false},"author":1,"featured_media":67863,"comment_status":"closed","ping_status":"closed","sticky":false,"template":"","format":"standard","meta":{"footnotes":""},"categories":[2],"tags":[],"class_list":["post-67862","post","type-post","status-publish","format-standard","has-post-thumbnail","hentry","category-gobierno"],"_links":{"self":[{"href":"http:\/\/elurbanoweb.com.ar\/diario\/wp-json\/wp\/v2\/posts\/67862","targetHints":{"allow":["GET"]}}],"collection":[{"href":"http:\/\/elurbanoweb.com.ar\/diario\/wp-json\/wp\/v2\/posts"}],"about":[{"href":"http:\/\/elurbanoweb.com.ar\/diario\/wp-json\/wp\/v2\/types\/post"}],"author":[{"embeddable":true,"href":"http:\/\/elurbanoweb.com.ar\/diario\/wp-json\/wp\/v2\/users\/1"}],"replies":[{"embeddable":true,"href":"http:\/\/elurbanoweb.com.ar\/diario\/wp-json\/wp\/v2\/comments?post=67862"}],"version-history":[{"count":1,"href":"http:\/\/elurbanoweb.com.ar\/diario\/wp-json\/wp\/v2\/posts\/67862\/revisions"}],"predecessor-version":[{"id":67864,"href":"http:\/\/elurbanoweb.com.ar\/diario\/wp-json\/wp\/v2\/posts\/67862\/revisions\/67864"}],"wp:featuredmedia":[{"embeddable":true,"href":"http:\/\/elurbanoweb.com.ar\/diario\/wp-json\/wp\/v2\/media\/67863"}],"wp:attachment":[{"href":"http:\/\/elurbanoweb.com.ar\/diario\/wp-json\/wp\/v2\/media?parent=67862"}],"wp:term":[{"taxonomy":"category","embeddable":true,"href":"http:\/\/elurbanoweb.com.ar\/diario\/wp-json\/wp\/v2\/categories?post=67862"},{"taxonomy":"post_tag","embeddable":true,"href":"http:\/\/elurbanoweb.com.ar\/diario\/wp-json\/wp\/v2\/tags?post=67862"}],"curies":[{"name":"wp","href":"https:\/\/api.w.org\/{rel}","templated":true}]}}