{"id":67872,"date":"2026-03-22T10:39:27","date_gmt":"2026-03-22T13:39:27","guid":{"rendered":"https:\/\/elurbanoweb.com.ar\/diario\/?p=67872"},"modified":"2026-03-22T10:39:27","modified_gmt":"2026-03-22T13:39:27","slug":"iran-ataco-con-bombas-racimo-y-dejo-al-menos-15-heridos-en-el-centro-de-israel","status":"publish","type":"post","link":"http:\/\/elurbanoweb.com.ar\/diario\/iran-ataco-con-bombas-racimo-y-dejo-al-menos-15-heridos-en-el-centro-de-israel\/","title":{"rendered":"Ir\u00e1n atac\u00f3 con bombas racimo y dej\u00f3 al menos 15 heridos en el centro de Israel"},"content":{"rendered":"<p>El proyectil bal\u00edstico utilizado en el ataque llevaba una ojiva de bomba de racimo, dise\u00f1ada para dispersar submuniciones sobre un \u00e1rea extensa.<\/p>\n<p><img loading=\"lazy\" decoding=\"async\" class=\"alignnone wp-image-67873 size-full\" src=\"http:\/\/elurbanoweb.com.ar\/diario\/wp-content\/uploads\/2026\/03\/racimo.jpg\" alt=\"\" width=\"1010\" height=\"567\" srcset=\"http:\/\/elurbanoweb.com.ar\/diario\/wp-content\/uploads\/2026\/03\/racimo.jpg 1010w, http:\/\/elurbanoweb.com.ar\/diario\/wp-content\/uploads\/2026\/03\/racimo-300x168.jpg 300w, http:\/\/elurbanoweb.com.ar\/diario\/wp-content\/uploads\/2026\/03\/racimo-150x84.jpg 150w\" sizes=\"auto, (max-width: 1010px) 100vw, 1010px\" \/><\/p>\n<p><!--more--><\/p>\n<p>Las Fuerzas de Defensa de Israel (FDI) informaron este domingo que misiles lanzados desde Ir\u00e1n impactaron en el centro del pa\u00eds, aunque todav\u00eda no se conocen detalles sobre las zonas afectadas ni la cantidad exacta de proyectiles que alcanzaron tierra. El Mando del Frente Interno despleg\u00f3 equipos de b\u00fasqueda y rescate y pidi\u00f3 a la poblaci\u00f3n evitar concentraciones en las \u00e1reas de impacto.<\/p>\n<p>El servicio de emergencias Magen David Adom report\u00f3 que atendi\u00f3 a 15 personas heridas tras el ataque, la mayor\u00eda con lesiones leves. Entre los heridos trasladados al Centro M\u00e9dico Sourasky de Tel Aviv \u2013 Hospital Ichilov, cuatro permanecen en estado moderado, seg\u00fan la informaci\u00f3n proporcionada por el hospital.<\/p>\n","protected":false},"excerpt":{"rendered":"<p>El proyectil bal\u00edstico utilizado en el ataque llevaba una ojiva de bomba de racimo, dise\u00f1ada para dispersar submuniciones sobre un \u00e1rea extensa.<\/p>\n","protected":false},"author":1,"featured_media":67873,"comment_status":"closed","ping_status":"closed","sticky":false,"template":"","format":"standard","meta":{"footnotes":""},"categories":[6],"tags":[],"class_list":["post-67872","post","type-post","status-publish","format-standard","has-post-thumbnail","hentry","category-mundo"],"_links":{"self":[{"href":"http:\/\/elurbanoweb.com.ar\/diario\/wp-json\/wp\/v2\/posts\/67872","targetHints":{"allow":["GET"]}}],"collection":[{"href":"http:\/\/elurbanoweb.com.ar\/diario\/wp-json\/wp\/v2\/posts"}],"about":[{"href":"http:\/\/elurbanoweb.com.ar\/diario\/wp-json\/wp\/v2\/types\/post"}],"author":[{"embeddable":true,"href":"http:\/\/elurbanoweb.com.ar\/diario\/wp-json\/wp\/v2\/users\/1"}],"replies":[{"embeddable":true,"href":"http:\/\/elurbanoweb.com.ar\/diario\/wp-json\/wp\/v2\/comments?post=67872"}],"version-history":[{"count":1,"href":"http:\/\/elurbanoweb.com.ar\/diario\/wp-json\/wp\/v2\/posts\/67872\/revisions"}],"predecessor-version":[{"id":67874,"href":"http:\/\/elurbanoweb.com.ar\/diario\/wp-json\/wp\/v2\/posts\/67872\/revisions\/67874"}],"wp:featuredmedia":[{"embeddable":true,"href":"http:\/\/elurbanoweb.com.ar\/diario\/wp-json\/wp\/v2\/media\/67873"}],"wp:attachment":[{"href":"http:\/\/elurbanoweb.com.ar\/diario\/wp-json\/wp\/v2\/media?parent=67872"}],"wp:term":[{"taxonomy":"category","embeddable":true,"href":"http:\/\/elurbanoweb.com.ar\/diario\/wp-json\/wp\/v2\/categories?post=67872"},{"taxonomy":"post_tag","embeddable":true,"href":"http:\/\/elurbanoweb.com.ar\/diario\/wp-json\/wp\/v2\/tags?post=67872"}],"curies":[{"name":"wp","href":"https:\/\/api.w.org\/{rel}","templated":true}]}}