{"id":67888,"date":"2026-03-22T10:53:06","date_gmt":"2026-03-22T13:53:06","guid":{"rendered":"https:\/\/elurbanoweb.com.ar\/diario\/?p=67888"},"modified":"2026-03-22T10:53:06","modified_gmt":"2026-03-22T13:53:06","slug":"la-municipalidad-realizo-trabajos-de-poda-en-altura-de-arboles-en-el-parque-aguirre","status":"publish","type":"post","link":"http:\/\/elurbanoweb.com.ar\/diario\/la-municipalidad-realizo-trabajos-de-poda-en-altura-de-arboles-en-el-parque-aguirre\/","title":{"rendered":"La Municipalidad realiz\u00f3 trabajos de poda en altura de \u00e1rboles en el parque Aguirre"},"content":{"rendered":"<p>Trabajos de poda en altura de \u00e1rboles en el sector de la Banda de M\u00fasica de la Polic\u00eda.<\/p>\n<p><img loading=\"lazy\" decoding=\"async\" class=\"alignnone wp-image-67889 size-large\" src=\"http:\/\/elurbanoweb.com.ar\/diario\/wp-content\/uploads\/2026\/03\/poda1-768x1024.jpg\" alt=\"\" width=\"768\" height=\"1024\" srcset=\"http:\/\/elurbanoweb.com.ar\/diario\/wp-content\/uploads\/2026\/03\/poda1-768x1024.jpg 768w, http:\/\/elurbanoweb.com.ar\/diario\/wp-content\/uploads\/2026\/03\/poda1-225x300.jpg 225w, http:\/\/elurbanoweb.com.ar\/diario\/wp-content\/uploads\/2026\/03\/poda1-113x150.jpg 113w, http:\/\/elurbanoweb.com.ar\/diario\/wp-content\/uploads\/2026\/03\/poda1-1152x1536.jpg 1152w, http:\/\/elurbanoweb.com.ar\/diario\/wp-content\/uploads\/2026\/03\/poda1.jpg 1200w\" sizes=\"auto, (max-width: 768px) 100vw, 768px\" \/><\/p>\n<p><!--more--><\/p>\n","protected":false},"excerpt":{"rendered":"<p>Trabajos de poda en altura de \u00e1rboles en el sector de la Banda de M\u00fasica de la Polic\u00eda.<\/p>\n","protected":false},"author":1,"featured_media":67889,"comment_status":"closed","ping_status":"closed","sticky":false,"template":"","format":"standard","meta":{"footnotes":""},"categories":[3],"tags":[],"class_list":["post-67888","post","type-post","status-publish","format-standard","has-post-thumbnail","hentry","category-municipio"],"_links":{"self":[{"href":"http:\/\/elurbanoweb.com.ar\/diario\/wp-json\/wp\/v2\/posts\/67888","targetHints":{"allow":["GET"]}}],"collection":[{"href":"http:\/\/elurbanoweb.com.ar\/diario\/wp-json\/wp\/v2\/posts"}],"about":[{"href":"http:\/\/elurbanoweb.com.ar\/diario\/wp-json\/wp\/v2\/types\/post"}],"author":[{"embeddable":true,"href":"http:\/\/elurbanoweb.com.ar\/diario\/wp-json\/wp\/v2\/users\/1"}],"replies":[{"embeddable":true,"href":"http:\/\/elurbanoweb.com.ar\/diario\/wp-json\/wp\/v2\/comments?post=67888"}],"version-history":[{"count":1,"href":"http:\/\/elurbanoweb.com.ar\/diario\/wp-json\/wp\/v2\/posts\/67888\/revisions"}],"predecessor-version":[{"id":67890,"href":"http:\/\/elurbanoweb.com.ar\/diario\/wp-json\/wp\/v2\/posts\/67888\/revisions\/67890"}],"wp:featuredmedia":[{"embeddable":true,"href":"http:\/\/elurbanoweb.com.ar\/diario\/wp-json\/wp\/v2\/media\/67889"}],"wp:attachment":[{"href":"http:\/\/elurbanoweb.com.ar\/diario\/wp-json\/wp\/v2\/media?parent=67888"}],"wp:term":[{"taxonomy":"category","embeddable":true,"href":"http:\/\/elurbanoweb.com.ar\/diario\/wp-json\/wp\/v2\/categories?post=67888"},{"taxonomy":"post_tag","embeddable":true,"href":"http:\/\/elurbanoweb.com.ar\/diario\/wp-json\/wp\/v2\/tags?post=67888"}],"curies":[{"name":"wp","href":"https:\/\/api.w.org\/{rel}","templated":true}]}}