{"id":67891,"date":"2026-03-22T10:54:21","date_gmt":"2026-03-22T13:54:21","guid":{"rendered":"https:\/\/elurbanoweb.com.ar\/diario\/?p=67891"},"modified":"2026-03-22T10:54:21","modified_gmt":"2026-03-22T13:54:21","slug":"central-cordoba-hizo-historia-y-jugara-la-final-del-regional-amateur-femenino","status":"publish","type":"post","link":"http:\/\/elurbanoweb.com.ar\/diario\/central-cordoba-hizo-historia-y-jugara-la-final-del-regional-amateur-femenino\/","title":{"rendered":"Central C\u00f3rdoba hizo historia y jugar\u00e1 la final del Regional Amateur femenino"},"content":{"rendered":"<p>Central C\u00f3rdoba volvi\u00f3 a escribir una p\u00e1gina importante para el deporte santiague\u00f1o. El equipo femenino del \u201cferroviario\u201d logr\u00f3 meterse en la final de la Copa Federal Regional Amateur, consolid\u00e1ndose como uno de los mejores de la regi\u00f3n.<\/p>\n<p><img loading=\"lazy\" decoding=\"async\" class=\"alignnone wp-image-67892 size-large\" src=\"http:\/\/elurbanoweb.com.ar\/diario\/wp-content\/uploads\/2026\/03\/chicas6-1024x490.jpeg\" alt=\"\" width=\"1024\" height=\"490\" srcset=\"http:\/\/elurbanoweb.com.ar\/diario\/wp-content\/uploads\/2026\/03\/chicas6-1024x490.jpeg 1024w, http:\/\/elurbanoweb.com.ar\/diario\/wp-content\/uploads\/2026\/03\/chicas6-300x144.jpeg 300w, http:\/\/elurbanoweb.com.ar\/diario\/wp-content\/uploads\/2026\/03\/chicas6-150x72.jpeg 150w, http:\/\/elurbanoweb.com.ar\/diario\/wp-content\/uploads\/2026\/03\/chicas6.jpeg 1280w\" sizes=\"auto, (max-width: 1024px) 100vw, 1024px\" \/><\/p>\n<p><!--more--><\/p>\n<p>Las santiague\u00f1as sellaron su clasificaci\u00f3n tras vencer 2-0 a Santa Mar\u00eda de Oro de Concordia en semifinales, en una s\u00f3lida actuaci\u00f3n que les permiti\u00f3 dar un paso m\u00e1s hacia el objetivo.<\/p>\n<p>El conjunto de Santiago del Estero llega a esta instancia tras una gran campa\u00f1a. A lo largo del torneo, mostr\u00f3 regularidad y contundencia, lo que le permiti\u00f3 posicionarse entre los mejores equipos del certamen.<\/p>\n<p>La final se disputar\u00e1 este domingo 22 a las 10:00 en el predio deportivo Nery Alberto Pumpido, donde Central C\u00f3rdoba buscar\u00e1 coronar su gran presente con el t\u00edtulo.<\/p>\n<p>Este logro no solo representa un hito para el club, sino tambi\u00e9n para todo el f\u00fatbol femenino de la provincia, que contin\u00faa creciendo y ganando protagonismo a nivel nacional.<\/p>\n","protected":false},"excerpt":{"rendered":"<p>Central C\u00f3rdoba volvi\u00f3 a escribir una p\u00e1gina importante para el deporte santiague\u00f1o. El equipo femenino del \u201cferroviario\u201d logr\u00f3 meterse en la final de la Copa Federal Regional Amateur, consolid\u00e1ndose como&hellip; <\/p>\n","protected":false},"author":1,"featured_media":67892,"comment_status":"closed","ping_status":"closed","sticky":false,"template":"","format":"standard","meta":{"footnotes":""},"categories":[4],"tags":[],"class_list":["post-67891","post","type-post","status-publish","format-standard","has-post-thumbnail","hentry","category-deportes"],"_links":{"self":[{"href":"http:\/\/elurbanoweb.com.ar\/diario\/wp-json\/wp\/v2\/posts\/67891","targetHints":{"allow":["GET"]}}],"collection":[{"href":"http:\/\/elurbanoweb.com.ar\/diario\/wp-json\/wp\/v2\/posts"}],"about":[{"href":"http:\/\/elurbanoweb.com.ar\/diario\/wp-json\/wp\/v2\/types\/post"}],"author":[{"embeddable":true,"href":"http:\/\/elurbanoweb.com.ar\/diario\/wp-json\/wp\/v2\/users\/1"}],"replies":[{"embeddable":true,"href":"http:\/\/elurbanoweb.com.ar\/diario\/wp-json\/wp\/v2\/comments?post=67891"}],"version-history":[{"count":1,"href":"http:\/\/elurbanoweb.com.ar\/diario\/wp-json\/wp\/v2\/posts\/67891\/revisions"}],"predecessor-version":[{"id":67893,"href":"http:\/\/elurbanoweb.com.ar\/diario\/wp-json\/wp\/v2\/posts\/67891\/revisions\/67893"}],"wp:featuredmedia":[{"embeddable":true,"href":"http:\/\/elurbanoweb.com.ar\/diario\/wp-json\/wp\/v2\/media\/67892"}],"wp:attachment":[{"href":"http:\/\/elurbanoweb.com.ar\/diario\/wp-json\/wp\/v2\/media?parent=67891"}],"wp:term":[{"taxonomy":"category","embeddable":true,"href":"http:\/\/elurbanoweb.com.ar\/diario\/wp-json\/wp\/v2\/categories?post=67891"},{"taxonomy":"post_tag","embeddable":true,"href":"http:\/\/elurbanoweb.com.ar\/diario\/wp-json\/wp\/v2\/tags?post=67891"}],"curies":[{"name":"wp","href":"https:\/\/api.w.org\/{rel}","templated":true}]}}