{"id":67911,"date":"2026-03-23T09:14:56","date_gmt":"2026-03-23T12:14:56","guid":{"rendered":"https:\/\/elurbanoweb.com.ar\/diario\/?p=67911"},"modified":"2026-03-23T09:14:56","modified_gmt":"2026-03-23T12:14:56","slug":"realizaron-conversatorio-sobre-el-calendario-nacional-de-vacunacion-en-el-camm-n-6-el-rincon","status":"publish","type":"post","link":"http:\/\/elurbanoweb.com.ar\/diario\/realizaron-conversatorio-sobre-el-calendario-nacional-de-vacunacion-en-el-camm-n-6-el-rincon\/","title":{"rendered":"Realizaron conversatorio sobre el Calendario Nacional de Vacunaci\u00f3n en el CAMM N\u00b0 6 El Rinc\u00f3n"},"content":{"rendered":"<p>En el CAMM N\u00b0 6 El Rinc\u00f3n se llev\u00f3 a cabo un conversatorio sobre el Calendario Nacional de Vacunaci\u00f3n, destinado a brindar informaci\u00f3n a la comunidad sobre la importancia de cumplir con las vacunas correspondientes en cada etapa de la vida.<\/p>\n<p><img loading=\"lazy\" decoding=\"async\" class=\"alignnone wp-image-67912 size-full\" src=\"http:\/\/elurbanoweb.com.ar\/diario\/wp-content\/uploads\/2026\/03\/calendario3.jpg\" alt=\"\" width=\"1010\" height=\"567\" srcset=\"http:\/\/elurbanoweb.com.ar\/diario\/wp-content\/uploads\/2026\/03\/calendario3.jpg 1010w, http:\/\/elurbanoweb.com.ar\/diario\/wp-content\/uploads\/2026\/03\/calendario3-300x168.jpg 300w, http:\/\/elurbanoweb.com.ar\/diario\/wp-content\/uploads\/2026\/03\/calendario3-150x84.jpg 150w\" sizes=\"auto, (max-width: 1010px) 100vw, 1010px\" \/><\/p>\n<p><!--more--><\/p>\n<p>Durante el encuentro, se destac\u00f3 que el Calendario Nacional de Vacunaci\u00f3n incluye dosis para todas las edades, situaciones especiales y grupos espec\u00edficos, y que las mismas se encuentran disponibles de manera gratuita en los centros de salud.<\/p>\n<p>La actividad tuvo como objetivo mantener los logros alcanzados en el control y eliminaci\u00f3n de enfermedades prevenibles por vacunas, promoviendo la importancia de la inmunizaci\u00f3n como una herramienta fundamental para el cuidado de la salud.<\/p>\n<p>Asimismo, se record\u00f3 a los vecinos que, al concurrir a un vacunatorio o centro de salud, es importante llevar el carnet de vacunaci\u00f3n, a fin de que el personal pueda verificar las dosis aplicadas y completar los esquemas correspondientes seg\u00fan la edad.<\/p>\n<p>De esta manera, se busca concientizar a la comunidad sobre la importancia de contar con el calendario de vacunaci\u00f3n completo, fortaleciendo las acciones de prevenci\u00f3n y cuidado de la salud.<\/p>\n<p>Desde la gesti\u00f3n del intendente Ing. Roger E. Nediani se contin\u00faa promoviendo este tipo de espacios de informaci\u00f3n y concientizaci\u00f3n, acercando herramientas que contribuyen al bienestar de todos los vecinos.<\/p>\n","protected":false},"excerpt":{"rendered":"<p>En el CAMM N\u00b0 6 El Rinc\u00f3n se llev\u00f3 a cabo un conversatorio sobre el Calendario Nacional de Vacunaci\u00f3n, destinado a brindar informaci\u00f3n a la comunidad sobre la importancia de&hellip; <\/p>\n","protected":false},"author":1,"featured_media":67912,"comment_status":"closed","ping_status":"closed","sticky":false,"template":"","format":"standard","meta":{"footnotes":""},"categories":[9],"tags":[],"class_list":["post-67911","post","type-post","status-publish","format-standard","has-post-thumbnail","hentry","category-la-banda"],"_links":{"self":[{"href":"http:\/\/elurbanoweb.com.ar\/diario\/wp-json\/wp\/v2\/posts\/67911","targetHints":{"allow":["GET"]}}],"collection":[{"href":"http:\/\/elurbanoweb.com.ar\/diario\/wp-json\/wp\/v2\/posts"}],"about":[{"href":"http:\/\/elurbanoweb.com.ar\/diario\/wp-json\/wp\/v2\/types\/post"}],"author":[{"embeddable":true,"href":"http:\/\/elurbanoweb.com.ar\/diario\/wp-json\/wp\/v2\/users\/1"}],"replies":[{"embeddable":true,"href":"http:\/\/elurbanoweb.com.ar\/diario\/wp-json\/wp\/v2\/comments?post=67911"}],"version-history":[{"count":1,"href":"http:\/\/elurbanoweb.com.ar\/diario\/wp-json\/wp\/v2\/posts\/67911\/revisions"}],"predecessor-version":[{"id":67913,"href":"http:\/\/elurbanoweb.com.ar\/diario\/wp-json\/wp\/v2\/posts\/67911\/revisions\/67913"}],"wp:featuredmedia":[{"embeddable":true,"href":"http:\/\/elurbanoweb.com.ar\/diario\/wp-json\/wp\/v2\/media\/67912"}],"wp:attachment":[{"href":"http:\/\/elurbanoweb.com.ar\/diario\/wp-json\/wp\/v2\/media?parent=67911"}],"wp:term":[{"taxonomy":"category","embeddable":true,"href":"http:\/\/elurbanoweb.com.ar\/diario\/wp-json\/wp\/v2\/categories?post=67911"},{"taxonomy":"post_tag","embeddable":true,"href":"http:\/\/elurbanoweb.com.ar\/diario\/wp-json\/wp\/v2\/tags?post=67911"}],"curies":[{"name":"wp","href":"https:\/\/api.w.org\/{rel}","templated":true}]}}