{"id":67914,"date":"2026-03-23T09:16:31","date_gmt":"2026-03-23T12:16:31","guid":{"rendered":"https:\/\/elurbanoweb.com.ar\/diario\/?p=67914"},"modified":"2026-03-23T09:16:31","modified_gmt":"2026-03-23T12:16:31","slug":"la-casa-del-bicentenario-tendra-talleres-infantiles-con-tematica-de-pascua","status":"publish","type":"post","link":"http:\/\/elurbanoweb.com.ar\/diario\/la-casa-del-bicentenario-tendra-talleres-infantiles-con-tematica-de-pascua\/","title":{"rendered":"La Casa del Bicentenario tendr\u00e1 talleres infantiles con tem\u00e1tica de Pascua"},"content":{"rendered":"<p>Con el acompa\u00f1amiento de la Municipalidad de La Banda se realizar\u00e1 un taller especial sobre \u00abPre-Pascua: Spa &amp; Bombones\u00bb en las instalaciones de la Casa del Bicentenario.<\/p>\n<p><img loading=\"lazy\" decoding=\"async\" class=\"alignnone wp-image-67915 size-full\" src=\"http:\/\/elurbanoweb.com.ar\/diario\/wp-content\/uploads\/2026\/03\/pascua1.jpg\" alt=\"\" width=\"1010\" height=\"567\" srcset=\"http:\/\/elurbanoweb.com.ar\/diario\/wp-content\/uploads\/2026\/03\/pascua1.jpg 1010w, http:\/\/elurbanoweb.com.ar\/diario\/wp-content\/uploads\/2026\/03\/pascua1-300x168.jpg 300w, http:\/\/elurbanoweb.com.ar\/diario\/wp-content\/uploads\/2026\/03\/pascua1-150x84.jpg 150w\" sizes=\"auto, (max-width: 1010px) 100vw, 1010px\" \/><\/p>\n<p><!--more--><\/p>\n<p>El mismo ser\u00e1 un encuentro exclusivo para ni\u00f1as de 7 a 14 a\u00f1os de edad y tiene la finalidad de compartir un momento de recreaci\u00f3n, relajaci\u00f3n y elaboraci\u00f3n de bombones artesanales.<\/p>\n<p>El encuentro se realizar\u00e1 el pr\u00f3ximo s\u00e1bado 28 de 10 a 12 en la Casa del Bicentenario sita en avenida Besares y Garay.<\/p>\n<p>Desde la organizaci\u00f3n indicaron que las ni\u00f1as tendr\u00e1n una sesi\u00f3n de \u00abMini Spa\u00bb con m\u00e1scaras faciales naturales,<\/p>\n<p>relax y belleza. Y tambi\u00e9n participar\u00e1n de un taller de chocolateria d\u00f3nde tendr\u00e1n la oportunidad de decorar sus propios bombones sorpresa.<\/p>\n<p>La participaci\u00f3n se realizar\u00e1 con inscripci\u00f3n prevtia al 3856225258, es con cupos limitados y tiene incluidos todos los materiales de trabajo.<\/p>\n","protected":false},"excerpt":{"rendered":"<p>Con el acompa\u00f1amiento de la Municipalidad de La Banda se realizar\u00e1 un taller especial sobre \u00abPre-Pascua: Spa &amp; Bombones\u00bb en las instalaciones de la Casa del Bicentenario.<\/p>\n","protected":false},"author":1,"featured_media":67915,"comment_status":"closed","ping_status":"closed","sticky":false,"template":"","format":"standard","meta":{"footnotes":""},"categories":[9],"tags":[],"class_list":["post-67914","post","type-post","status-publish","format-standard","has-post-thumbnail","hentry","category-la-banda"],"_links":{"self":[{"href":"http:\/\/elurbanoweb.com.ar\/diario\/wp-json\/wp\/v2\/posts\/67914","targetHints":{"allow":["GET"]}}],"collection":[{"href":"http:\/\/elurbanoweb.com.ar\/diario\/wp-json\/wp\/v2\/posts"}],"about":[{"href":"http:\/\/elurbanoweb.com.ar\/diario\/wp-json\/wp\/v2\/types\/post"}],"author":[{"embeddable":true,"href":"http:\/\/elurbanoweb.com.ar\/diario\/wp-json\/wp\/v2\/users\/1"}],"replies":[{"embeddable":true,"href":"http:\/\/elurbanoweb.com.ar\/diario\/wp-json\/wp\/v2\/comments?post=67914"}],"version-history":[{"count":1,"href":"http:\/\/elurbanoweb.com.ar\/diario\/wp-json\/wp\/v2\/posts\/67914\/revisions"}],"predecessor-version":[{"id":67916,"href":"http:\/\/elurbanoweb.com.ar\/diario\/wp-json\/wp\/v2\/posts\/67914\/revisions\/67916"}],"wp:featuredmedia":[{"embeddable":true,"href":"http:\/\/elurbanoweb.com.ar\/diario\/wp-json\/wp\/v2\/media\/67915"}],"wp:attachment":[{"href":"http:\/\/elurbanoweb.com.ar\/diario\/wp-json\/wp\/v2\/media?parent=67914"}],"wp:term":[{"taxonomy":"category","embeddable":true,"href":"http:\/\/elurbanoweb.com.ar\/diario\/wp-json\/wp\/v2\/categories?post=67914"},{"taxonomy":"post_tag","embeddable":true,"href":"http:\/\/elurbanoweb.com.ar\/diario\/wp-json\/wp\/v2\/tags?post=67914"}],"curies":[{"name":"wp","href":"https:\/\/api.w.org\/{rel}","templated":true}]}}