{"id":67926,"date":"2026-03-23T09:26:22","date_gmt":"2026-03-23T12:26:22","guid":{"rendered":"https:\/\/elurbanoweb.com.ar\/diario\/?p=67926"},"modified":"2026-03-23T09:26:22","modified_gmt":"2026-03-23T12:26:22","slug":"el-friense-simon-ramirez-debuto-en-el-ring-con-un-triunfo-unanime-en-santiago","status":"publish","type":"post","link":"http:\/\/elurbanoweb.com.ar\/diario\/el-friense-simon-ramirez-debuto-en-el-ring-con-un-triunfo-unanime-en-santiago\/","title":{"rendered":"El friense Sim\u00f3n Ram\u00edrez debut\u00f3 en el ring con un triunfo un\u00e1nime en Santiago"},"content":{"rendered":"<p>Con apenas 14 a\u00f1os reci\u00e9n cumplidos, el joven boxeador Sim\u00f3n Ram\u00edrez Vella tuvo un estreno brillante arriba del ring, representando a Fr\u00edas y al gimnasio Dani Vivas de Boxeo.<\/p>\n<p><img loading=\"lazy\" decoding=\"async\" class=\"alignnone wp-image-67927 size-large\" src=\"http:\/\/elurbanoweb.com.ar\/diario\/wp-content\/uploads\/2026\/03\/simon-1024x667.png\" alt=\"\" width=\"1024\" height=\"667\" srcset=\"http:\/\/elurbanoweb.com.ar\/diario\/wp-content\/uploads\/2026\/03\/simon-1024x667.png 1024w, http:\/\/elurbanoweb.com.ar\/diario\/wp-content\/uploads\/2026\/03\/simon-300x196.png 300w, http:\/\/elurbanoweb.com.ar\/diario\/wp-content\/uploads\/2026\/03\/simon-150x98.png 150w, http:\/\/elurbanoweb.com.ar\/diario\/wp-content\/uploads\/2026\/03\/simon.png 1200w\" sizes=\"auto, (max-width: 1024px) 100vw, 1024px\" \/><\/p>\n<p><!--more--><\/p>\n<p>El debut tuvo lugar en el Club Dorrego, en la ciudad de Santiago del Estero, donde Sim\u00f3n compiti\u00f3 en la categor\u00eda de 56 kg frente a Dilan Ib\u00e1\u00f1ez, p\u00fagil de Las Termas, de 15 a\u00f1os.<\/p>\n<p>En una presentaci\u00f3n contundente, el joven friense se qued\u00f3 con la victoria por decisi\u00f3n un\u00e1nime, imponi\u00e9ndose en los tres rounds de manera consecutiva y dejando una gran imagen en su primera pelea oficial.<\/p>\n<p>Este gran triunfo no solo marca un debut so\u00f1ado para Sim\u00f3n, sino que tambi\u00e9n llena de orgullo a su familia, a su equipo y a toda la comunidad de Fr\u00edas, que celebra el crecimiento de sus j\u00f3venes deportistas.<\/p>\n","protected":false},"excerpt":{"rendered":"<p>Con apenas 14 a\u00f1os reci\u00e9n cumplidos, el joven boxeador Sim\u00f3n Ram\u00edrez Vella tuvo un estreno brillante arriba del ring, representando a Fr\u00edas y al gimnasio Dani Vivas de Boxeo.<\/p>\n","protected":false},"author":1,"featured_media":67927,"comment_status":"closed","ping_status":"closed","sticky":false,"template":"","format":"standard","meta":{"footnotes":""},"categories":[4],"tags":[],"class_list":["post-67926","post","type-post","status-publish","format-standard","has-post-thumbnail","hentry","category-deportes"],"_links":{"self":[{"href":"http:\/\/elurbanoweb.com.ar\/diario\/wp-json\/wp\/v2\/posts\/67926","targetHints":{"allow":["GET"]}}],"collection":[{"href":"http:\/\/elurbanoweb.com.ar\/diario\/wp-json\/wp\/v2\/posts"}],"about":[{"href":"http:\/\/elurbanoweb.com.ar\/diario\/wp-json\/wp\/v2\/types\/post"}],"author":[{"embeddable":true,"href":"http:\/\/elurbanoweb.com.ar\/diario\/wp-json\/wp\/v2\/users\/1"}],"replies":[{"embeddable":true,"href":"http:\/\/elurbanoweb.com.ar\/diario\/wp-json\/wp\/v2\/comments?post=67926"}],"version-history":[{"count":1,"href":"http:\/\/elurbanoweb.com.ar\/diario\/wp-json\/wp\/v2\/posts\/67926\/revisions"}],"predecessor-version":[{"id":67928,"href":"http:\/\/elurbanoweb.com.ar\/diario\/wp-json\/wp\/v2\/posts\/67926\/revisions\/67928"}],"wp:featuredmedia":[{"embeddable":true,"href":"http:\/\/elurbanoweb.com.ar\/diario\/wp-json\/wp\/v2\/media\/67927"}],"wp:attachment":[{"href":"http:\/\/elurbanoweb.com.ar\/diario\/wp-json\/wp\/v2\/media?parent=67926"}],"wp:term":[{"taxonomy":"category","embeddable":true,"href":"http:\/\/elurbanoweb.com.ar\/diario\/wp-json\/wp\/v2\/categories?post=67926"},{"taxonomy":"post_tag","embeddable":true,"href":"http:\/\/elurbanoweb.com.ar\/diario\/wp-json\/wp\/v2\/tags?post=67926"}],"curies":[{"name":"wp","href":"https:\/\/api.w.org\/{rel}","templated":true}]}}