{"id":67929,"date":"2026-03-23T09:30:03","date_gmt":"2026-03-23T12:30:03","guid":{"rendered":"https:\/\/elurbanoweb.com.ar\/diario\/?p=67929"},"modified":"2026-03-23T09:30:03","modified_gmt":"2026-03-23T12:30:03","slug":"memoria-verdad-y-justicia-ciclo-especial-en-radio-universidad","status":"publish","type":"post","link":"http:\/\/elurbanoweb.com.ar\/diario\/memoria-verdad-y-justicia-ciclo-especial-en-radio-universidad\/","title":{"rendered":"Memoria, Verdad y Justicia: Ciclo especial en Radio Universidad"},"content":{"rendered":"<p>A 50 a\u00f1os del \u00faltimo golpe militar, Radio Universidad (92.9 MHz) presenta un ciclo de entrevistas fundamentales para analizar nuestra historia reciente y el impacto del Terrorismo de Estado en Santiago del Estero.<\/p>\n<p><img loading=\"lazy\" decoding=\"async\" class=\"alignnone wp-image-67930 size-large\" src=\"http:\/\/elurbanoweb.com.ar\/diario\/wp-content\/uploads\/2026\/03\/golpe4-1024x819.jpg\" alt=\"\" width=\"1024\" height=\"819\" srcset=\"http:\/\/elurbanoweb.com.ar\/diario\/wp-content\/uploads\/2026\/03\/golpe4-1024x819.jpg 1024w, http:\/\/elurbanoweb.com.ar\/diario\/wp-content\/uploads\/2026\/03\/golpe4-300x240.jpg 300w, http:\/\/elurbanoweb.com.ar\/diario\/wp-content\/uploads\/2026\/03\/golpe4-150x120.jpg 150w, http:\/\/elurbanoweb.com.ar\/diario\/wp-content\/uploads\/2026\/03\/golpe4-1536x1229.jpg 1536w, http:\/\/elurbanoweb.com.ar\/diario\/wp-content\/uploads\/2026\/03\/golpe4.jpg 2000w\" sizes=\"auto, (max-width: 1024px) 100vw, 1024px\" \/><\/p>\n<p><!--more-->Te invitamos a escuchar estas cuatro voces que invitan a la reflexi\u00f3n:<br \/>\nEconom\u00eda y Dictadura: Federico Scrimini analiza el plan de Jos\u00e9 Mart\u00ednez de Hoz, detallando las semejanzas en los programas econ\u00f3micos, los apoyos internacionales y los efectos sociales de aquel proyecto posibilitado por una extrema represi\u00f3n ideol\u00f3gica.<\/p>\n<p>B\u00fasqueda e Identidad: Ana Mar\u00eda Dom\u00ednguez, presidenta de la Asociaci\u00f3n por la Memoria, la Verdad y la Justicia, reflexiona sobre el \u00abpacto de silencio\u00bb y describe el ciclo represivo en nuestra provincia, el cual comenz\u00f3 antes de 1976 y se extendi\u00f3 hasta el final del juarismo.<\/p>\n<p>La Universidad en la dictadura: Sebasti\u00e1n Barrionuevo (Coordinador del \u00c1rea de DDHH de la UNSE) explica c\u00f3mo las universidades p\u00fablicas fueron objetivos inmediatos de la dictadura para reprimir, intervenir y arancelar carreras, recordando que los estudiantes representan el segundo mayor porcentaje de desaparecidos.<\/p>\n<p>Justicia y Verdad: Luis Garay, ex director del Instituto Espacio de la Memoria y del Instituto de Ling\u00fc\u00edstica, Folclore y Arqueolog\u00eda de la Facultad de Humanidades, Ciencias Sociales y de la Salud, destaca la importancia de los juicios de lesa humanidad y el rol de las propias v\u00edctimas en la instrucci\u00f3n judicial para demostrar los delitos cometidos.<\/p>\n<p>Las entrevistas completas ya est\u00e1n disponibles en las redes de la radio y en su canal de Spotify.<br \/>\nhttps:\/\/open.spotify.com\/show\/4kZ4tv6yfBqbDGaVD40294&#8230;<\/p>\n","protected":false},"excerpt":{"rendered":"<p>A 50 a\u00f1os del \u00faltimo golpe militar, Radio Universidad (92.9 MHz) presenta un ciclo de entrevistas fundamentales para analizar nuestra historia reciente y el impacto del Terrorismo de Estado en&hellip; <\/p>\n","protected":false},"author":1,"featured_media":67930,"comment_status":"closed","ping_status":"closed","sticky":false,"template":"","format":"standard","meta":{"footnotes":""},"categories":[15],"tags":[],"class_list":["post-67929","post","type-post","status-publish","format-standard","has-post-thumbnail","hentry","category-unse"],"_links":{"self":[{"href":"http:\/\/elurbanoweb.com.ar\/diario\/wp-json\/wp\/v2\/posts\/67929","targetHints":{"allow":["GET"]}}],"collection":[{"href":"http:\/\/elurbanoweb.com.ar\/diario\/wp-json\/wp\/v2\/posts"}],"about":[{"href":"http:\/\/elurbanoweb.com.ar\/diario\/wp-json\/wp\/v2\/types\/post"}],"author":[{"embeddable":true,"href":"http:\/\/elurbanoweb.com.ar\/diario\/wp-json\/wp\/v2\/users\/1"}],"replies":[{"embeddable":true,"href":"http:\/\/elurbanoweb.com.ar\/diario\/wp-json\/wp\/v2\/comments?post=67929"}],"version-history":[{"count":1,"href":"http:\/\/elurbanoweb.com.ar\/diario\/wp-json\/wp\/v2\/posts\/67929\/revisions"}],"predecessor-version":[{"id":67931,"href":"http:\/\/elurbanoweb.com.ar\/diario\/wp-json\/wp\/v2\/posts\/67929\/revisions\/67931"}],"wp:featuredmedia":[{"embeddable":true,"href":"http:\/\/elurbanoweb.com.ar\/diario\/wp-json\/wp\/v2\/media\/67930"}],"wp:attachment":[{"href":"http:\/\/elurbanoweb.com.ar\/diario\/wp-json\/wp\/v2\/media?parent=67929"}],"wp:term":[{"taxonomy":"category","embeddable":true,"href":"http:\/\/elurbanoweb.com.ar\/diario\/wp-json\/wp\/v2\/categories?post=67929"},{"taxonomy":"post_tag","embeddable":true,"href":"http:\/\/elurbanoweb.com.ar\/diario\/wp-json\/wp\/v2\/tags?post=67929"}],"curies":[{"name":"wp","href":"https:\/\/api.w.org\/{rel}","templated":true}]}}