{"id":67932,"date":"2026-03-23T09:32:36","date_gmt":"2026-03-23T12:32:36","guid":{"rendered":"https:\/\/elurbanoweb.com.ar\/diario\/?p=67932"},"modified":"2026-03-23T09:32:36","modified_gmt":"2026-03-23T12:32:36","slug":"la-municipalidad-acompano-el-desfile-inclusivo-realizado-en-el-ovalo-del-parque-sur","status":"publish","type":"post","link":"http:\/\/elurbanoweb.com.ar\/diario\/la-municipalidad-acompano-el-desfile-inclusivo-realizado-en-el-ovalo-del-parque-sur\/","title":{"rendered":"La Municipalidad acompa\u00f1\u00f3 el desfile inclusivo realizado en el \u00d3valo del Parque Sur"},"content":{"rendered":"<p>En las instalaciones del \u00d3valo del Parque Sur y en el marco del trabajo articulado entre la Municipalidad de la Capital y la Asociaci\u00f3n Sonckoymanta, se realiz\u00f3 el desfile inclusivo bajo el lema \u201cYo puedo\u201d en el D\u00eda Mundial del S\u00edndrome de Down.<\/p>\n<p><img loading=\"lazy\" decoding=\"async\" class=\"alignnone wp-image-67933 size-large\" src=\"http:\/\/elurbanoweb.com.ar\/diario\/wp-content\/uploads\/2026\/03\/ovalo1-1024x683.jpg\" alt=\"\" width=\"1024\" height=\"683\" srcset=\"http:\/\/elurbanoweb.com.ar\/diario\/wp-content\/uploads\/2026\/03\/ovalo1-1024x683.jpg 1024w, http:\/\/elurbanoweb.com.ar\/diario\/wp-content\/uploads\/2026\/03\/ovalo1-300x200.jpg 300w, http:\/\/elurbanoweb.com.ar\/diario\/wp-content\/uploads\/2026\/03\/ovalo1-150x100.jpg 150w, http:\/\/elurbanoweb.com.ar\/diario\/wp-content\/uploads\/2026\/03\/ovalo1.jpg 1392w\" sizes=\"auto, (max-width: 1024px) 100vw, 1024px\" \/><\/p>\n<p><!--more--> El evento se llev\u00f3 adelante con el objetivo de visibilizar a la persona como sujeto de derecho y de celebrar la inclusi\u00f3n y la diversidad, tambi\u00e9n fue acompa\u00f1ado por la feria de artesanos y emprendedores locales.<\/p>\n<p>Yanina Luna de la Asociaci\u00f3n, agradeci\u00f3 a la intendente, Ing. Norma Fuentes y a los funcionarios por su permanente colaboraci\u00f3n con la organizaci\u00f3n y con los espacios f\u00edsicos para llevar adelante iniciativas inclusivas.<\/p>\n<p>\u201cEsta ha sido una convocatoria muy linda que nos llena el alma y no hubiera sido posible sin la colaboraci\u00f3n de la Municipalidad\u201d, remarc\u00f3.<\/p>\n","protected":false},"excerpt":{"rendered":"<p>En las instalaciones del \u00d3valo del Parque Sur y en el marco del trabajo articulado entre la Municipalidad de la Capital y la Asociaci\u00f3n Sonckoymanta, se realiz\u00f3 el desfile inclusivo&hellip; <\/p>\n","protected":false},"author":1,"featured_media":67933,"comment_status":"closed","ping_status":"closed","sticky":false,"template":"","format":"standard","meta":{"footnotes":""},"categories":[3],"tags":[],"class_list":["post-67932","post","type-post","status-publish","format-standard","has-post-thumbnail","hentry","category-municipio"],"_links":{"self":[{"href":"http:\/\/elurbanoweb.com.ar\/diario\/wp-json\/wp\/v2\/posts\/67932","targetHints":{"allow":["GET"]}}],"collection":[{"href":"http:\/\/elurbanoweb.com.ar\/diario\/wp-json\/wp\/v2\/posts"}],"about":[{"href":"http:\/\/elurbanoweb.com.ar\/diario\/wp-json\/wp\/v2\/types\/post"}],"author":[{"embeddable":true,"href":"http:\/\/elurbanoweb.com.ar\/diario\/wp-json\/wp\/v2\/users\/1"}],"replies":[{"embeddable":true,"href":"http:\/\/elurbanoweb.com.ar\/diario\/wp-json\/wp\/v2\/comments?post=67932"}],"version-history":[{"count":1,"href":"http:\/\/elurbanoweb.com.ar\/diario\/wp-json\/wp\/v2\/posts\/67932\/revisions"}],"predecessor-version":[{"id":67934,"href":"http:\/\/elurbanoweb.com.ar\/diario\/wp-json\/wp\/v2\/posts\/67932\/revisions\/67934"}],"wp:featuredmedia":[{"embeddable":true,"href":"http:\/\/elurbanoweb.com.ar\/diario\/wp-json\/wp\/v2\/media\/67933"}],"wp:attachment":[{"href":"http:\/\/elurbanoweb.com.ar\/diario\/wp-json\/wp\/v2\/media?parent=67932"}],"wp:term":[{"taxonomy":"category","embeddable":true,"href":"http:\/\/elurbanoweb.com.ar\/diario\/wp-json\/wp\/v2\/categories?post=67932"},{"taxonomy":"post_tag","embeddable":true,"href":"http:\/\/elurbanoweb.com.ar\/diario\/wp-json\/wp\/v2\/tags?post=67932"}],"curies":[{"name":"wp","href":"https:\/\/api.w.org\/{rel}","templated":true}]}}