{"id":67962,"date":"2026-03-24T13:57:57","date_gmt":"2026-03-24T16:57:57","guid":{"rendered":"https:\/\/elurbanoweb.com.ar\/diario\/?p=67962"},"modified":"2026-03-24T13:57:57","modified_gmt":"2026-03-24T16:57:57","slug":"unseteve-realizo-trabajos-en-el-marco-del-dia-de-la-memoria-por-la-verdad-y-la-justicia","status":"publish","type":"post","link":"http:\/\/elurbanoweb.com.ar\/diario\/unseteve-realizo-trabajos-en-el-marco-del-dia-de-la-memoria-por-la-verdad-y-la-justicia\/","title":{"rendered":"Unsetev\u00e9 realiz\u00f3 trabajos en el marco del D\u00eda de la Memoria, por la Verdad y la Justicia"},"content":{"rendered":"<p>Una producci\u00f3n que visibiliza \u201cBordando Luchas\u201d, un proyecto impulsado por mujeres santiague\u00f1as que, a trav\u00e9s del bordado, recupera los nombres, las historias y las luchas de las personas desaparecidas durante la \u00faltima dictadura c\u00edvico-militar.<\/p>\n<p><img loading=\"lazy\" decoding=\"async\" class=\"alignnone wp-image-67963 size-full\" src=\"http:\/\/elurbanoweb.com.ar\/diario\/wp-content\/uploads\/2026\/03\/teve.jpg\" alt=\"\" width=\"630\" height=\"353\" srcset=\"http:\/\/elurbanoweb.com.ar\/diario\/wp-content\/uploads\/2026\/03\/teve.jpg 630w, http:\/\/elurbanoweb.com.ar\/diario\/wp-content\/uploads\/2026\/03\/teve-300x168.jpg 300w, http:\/\/elurbanoweb.com.ar\/diario\/wp-content\/uploads\/2026\/03\/teve-150x84.jpg 150w\" sizes=\"auto, (max-width: 630px) 100vw, 630px\" \/><\/p>\n<p><!--more-->Puntada a puntada, esta iniciativa colectiva reafirma que la memoria sigue viva y se construye entre generaciones, como un acto de compromiso y de esperanza.<\/p>\n<p>A 50 a\u00f1os del golpe, desde la UNSE acompa\u00f1amos y difundimos estas acciones que sostienen la memoria, la verdad y la justicia.<\/p>\n<p>Porque recordar es tambi\u00e9n construir futuro. Nunca M\u00e1s.<br \/>\n<iframe loading=\"lazy\" title=\"Bordando luchas por la memoria con presencia santiague\u00f1a en la marcha federal\" width=\"1110\" height=\"624\" src=\"https:\/\/www.youtube.com\/embed\/9nagkfIngQ0?feature=oembed\" frameborder=\"0\" allow=\"accelerometer; autoplay; clipboard-write; encrypted-media; gyroscope; picture-in-picture; web-share\" referrerpolicy=\"strict-origin-when-cross-origin\" allowfullscreen><\/iframe><\/p>\n","protected":false},"excerpt":{"rendered":"<p>Una producci\u00f3n que visibiliza \u201cBordando Luchas\u201d, un proyecto impulsado por mujeres santiague\u00f1as que, a trav\u00e9s del bordado, recupera los nombres, las historias y las luchas de las personas desaparecidas durante&hellip; <\/p>\n","protected":false},"author":1,"featured_media":67963,"comment_status":"closed","ping_status":"closed","sticky":false,"template":"","format":"standard","meta":{"footnotes":""},"categories":[15],"tags":[],"class_list":["post-67962","post","type-post","status-publish","format-standard","has-post-thumbnail","hentry","category-unse"],"_links":{"self":[{"href":"http:\/\/elurbanoweb.com.ar\/diario\/wp-json\/wp\/v2\/posts\/67962","targetHints":{"allow":["GET"]}}],"collection":[{"href":"http:\/\/elurbanoweb.com.ar\/diario\/wp-json\/wp\/v2\/posts"}],"about":[{"href":"http:\/\/elurbanoweb.com.ar\/diario\/wp-json\/wp\/v2\/types\/post"}],"author":[{"embeddable":true,"href":"http:\/\/elurbanoweb.com.ar\/diario\/wp-json\/wp\/v2\/users\/1"}],"replies":[{"embeddable":true,"href":"http:\/\/elurbanoweb.com.ar\/diario\/wp-json\/wp\/v2\/comments?post=67962"}],"version-history":[{"count":1,"href":"http:\/\/elurbanoweb.com.ar\/diario\/wp-json\/wp\/v2\/posts\/67962\/revisions"}],"predecessor-version":[{"id":67964,"href":"http:\/\/elurbanoweb.com.ar\/diario\/wp-json\/wp\/v2\/posts\/67962\/revisions\/67964"}],"wp:featuredmedia":[{"embeddable":true,"href":"http:\/\/elurbanoweb.com.ar\/diario\/wp-json\/wp\/v2\/media\/67963"}],"wp:attachment":[{"href":"http:\/\/elurbanoweb.com.ar\/diario\/wp-json\/wp\/v2\/media?parent=67962"}],"wp:term":[{"taxonomy":"category","embeddable":true,"href":"http:\/\/elurbanoweb.com.ar\/diario\/wp-json\/wp\/v2\/categories?post=67962"},{"taxonomy":"post_tag","embeddable":true,"href":"http:\/\/elurbanoweb.com.ar\/diario\/wp-json\/wp\/v2\/tags?post=67962"}],"curies":[{"name":"wp","href":"https:\/\/api.w.org\/{rel}","templated":true}]}}