{"id":68006,"date":"2026-03-25T09:24:17","date_gmt":"2026-03-25T12:24:17","guid":{"rendered":"https:\/\/elurbanoweb.com.ar\/diario\/?p=68006"},"modified":"2026-03-25T09:24:17","modified_gmt":"2026-03-25T12:24:17","slug":"el-municipio-aplicara-multas-a-quienes-realicen-un-mal-uso-de-los-contenedores-de-residuos","status":"publish","type":"post","link":"http:\/\/elurbanoweb.com.ar\/diario\/el-municipio-aplicara-multas-a-quienes-realicen-un-mal-uso-de-los-contenedores-de-residuos\/","title":{"rendered":"El municipio aplicar\u00e1 multas a quienes realicen un mal uso de los contenedores de residuos"},"content":{"rendered":"<p>La Municipalidad de La Banda manifest\u00f3 su repudi\u00f3 al detectar a trav\u00e9s del personal del \u00e1rea de Higiene que un contenedor ubicado en Garay y Vicente L\u00f3pez hab\u00eda sido llenado de escombros.<\/p>\n<p><img loading=\"lazy\" decoding=\"async\" class=\"alignnone wp-image-68007 size-full\" src=\"http:\/\/elurbanoweb.com.ar\/diario\/wp-content\/uploads\/2026\/03\/multas.jpg\" alt=\"\" width=\"1010\" height=\"567\" srcset=\"http:\/\/elurbanoweb.com.ar\/diario\/wp-content\/uploads\/2026\/03\/multas.jpg 1010w, http:\/\/elurbanoweb.com.ar\/diario\/wp-content\/uploads\/2026\/03\/multas-300x168.jpg 300w, http:\/\/elurbanoweb.com.ar\/diario\/wp-content\/uploads\/2026\/03\/multas-150x84.jpg 150w\" sizes=\"auto, (max-width: 1010px) 100vw, 1010px\" \/><\/p>\n<p><!--more--><\/p>\n<p>Desde el \u00e1rea de Alerta Banda lograron capturar las im\u00e1genes del momento exacto en el que un vecino arrojaba en el interior del contenedor los restos de materiales de obra de manera irresponsable.<\/p>\n<p>De esta manera, se logr\u00f3 identificar al responsable de este acto de vandalismo contra bienes de la comunidad que son utilizados para mantener el orden y la limpieza en la ciudad.<\/p>\n<p>En este sentido desde el municipio se advirti\u00f3 que este vecino ser\u00e1 sancionado con una correspondiente multa y se record\u00f3 que los contenedores no deben ser utilizados para arrojar restos de poda o de obra ya que su uso es exclusivo para los residuos domiciliarios.<\/p>\n","protected":false},"excerpt":{"rendered":"<p>La Municipalidad de La Banda manifest\u00f3 su repudi\u00f3 al detectar a trav\u00e9s del personal del \u00e1rea de Higiene que un contenedor ubicado en Garay y Vicente L\u00f3pez hab\u00eda sido llenado&hellip; <\/p>\n","protected":false},"author":1,"featured_media":68007,"comment_status":"closed","ping_status":"closed","sticky":false,"template":"","format":"standard","meta":{"footnotes":""},"categories":[9],"tags":[],"class_list":["post-68006","post","type-post","status-publish","format-standard","has-post-thumbnail","hentry","category-la-banda"],"_links":{"self":[{"href":"http:\/\/elurbanoweb.com.ar\/diario\/wp-json\/wp\/v2\/posts\/68006","targetHints":{"allow":["GET"]}}],"collection":[{"href":"http:\/\/elurbanoweb.com.ar\/diario\/wp-json\/wp\/v2\/posts"}],"about":[{"href":"http:\/\/elurbanoweb.com.ar\/diario\/wp-json\/wp\/v2\/types\/post"}],"author":[{"embeddable":true,"href":"http:\/\/elurbanoweb.com.ar\/diario\/wp-json\/wp\/v2\/users\/1"}],"replies":[{"embeddable":true,"href":"http:\/\/elurbanoweb.com.ar\/diario\/wp-json\/wp\/v2\/comments?post=68006"}],"version-history":[{"count":1,"href":"http:\/\/elurbanoweb.com.ar\/diario\/wp-json\/wp\/v2\/posts\/68006\/revisions"}],"predecessor-version":[{"id":68008,"href":"http:\/\/elurbanoweb.com.ar\/diario\/wp-json\/wp\/v2\/posts\/68006\/revisions\/68008"}],"wp:featuredmedia":[{"embeddable":true,"href":"http:\/\/elurbanoweb.com.ar\/diario\/wp-json\/wp\/v2\/media\/68007"}],"wp:attachment":[{"href":"http:\/\/elurbanoweb.com.ar\/diario\/wp-json\/wp\/v2\/media?parent=68006"}],"wp:term":[{"taxonomy":"category","embeddable":true,"href":"http:\/\/elurbanoweb.com.ar\/diario\/wp-json\/wp\/v2\/categories?post=68006"},{"taxonomy":"post_tag","embeddable":true,"href":"http:\/\/elurbanoweb.com.ar\/diario\/wp-json\/wp\/v2\/tags?post=68006"}],"curies":[{"name":"wp","href":"https:\/\/api.w.org\/{rel}","templated":true}]}}