{"id":68009,"date":"2026-03-25T09:25:57","date_gmt":"2026-03-25T12:25:57","guid":{"rendered":"https:\/\/elurbanoweb.com.ar\/diario\/?p=68009"},"modified":"2026-03-25T09:25:57","modified_gmt":"2026-03-25T12:25:57","slug":"la-avenida-costanera-diego-maradona-quedo-habilitada-al-transito-de-vehiculos","status":"publish","type":"post","link":"http:\/\/elurbanoweb.com.ar\/diario\/la-avenida-costanera-diego-maradona-quedo-habilitada-al-transito-de-vehiculos\/","title":{"rendered":"La avenida costanera Diego Maradona qued\u00f3 habilitada al tr\u00e1nsito de veh\u00edculos"},"content":{"rendered":"<p>Con los trabajos de limpieza de la calzada y veredas a la altura del puente carretero desarrollado por personal de la Municipalidad de la Capital qued\u00f3 totalmente habilitada al tr\u00e1nsito vehicular la avenida Diego Maradona.<\/p>\n<p><img loading=\"lazy\" decoding=\"async\" class=\"alignnone wp-image-68010 size-large\" src=\"http:\/\/elurbanoweb.com.ar\/diario\/wp-content\/uploads\/2026\/03\/diego-1024x645.jpg\" alt=\"\" width=\"1024\" height=\"645\" srcset=\"http:\/\/elurbanoweb.com.ar\/diario\/wp-content\/uploads\/2026\/03\/diego-1024x645.jpg 1024w, http:\/\/elurbanoweb.com.ar\/diario\/wp-content\/uploads\/2026\/03\/diego-300x189.jpg 300w, http:\/\/elurbanoweb.com.ar\/diario\/wp-content\/uploads\/2026\/03\/diego-150x94.jpg 150w, http:\/\/elurbanoweb.com.ar\/diario\/wp-content\/uploads\/2026\/03\/diego.jpg 1305w\" sizes=\"auto, (max-width: 1024px) 100vw, 1024px\" \/><\/p>\n<p><!--more-->Tras el paso del pico de la creciente del R\u00edo Dulce, la v\u00eda de circulaci\u00f3n de la costanera se encuentra sin restricciones para el desplazamiento de veh\u00edculos.<\/p>\n<p>Durante el fin de semana, tambi\u00e9n se realizaron tareas en el cruce con el puente nuevo para dejar normalizado el tr\u00e1nsito.<\/p>\n","protected":false},"excerpt":{"rendered":"<p>Con los trabajos de limpieza de la calzada y veredas a la altura del puente carretero desarrollado por personal de la Municipalidad de la Capital qued\u00f3 totalmente habilitada al tr\u00e1nsito&hellip; <\/p>\n","protected":false},"author":1,"featured_media":68010,"comment_status":"closed","ping_status":"closed","sticky":false,"template":"","format":"standard","meta":{"footnotes":""},"categories":[3],"tags":[],"class_list":["post-68009","post","type-post","status-publish","format-standard","has-post-thumbnail","hentry","category-municipio"],"_links":{"self":[{"href":"http:\/\/elurbanoweb.com.ar\/diario\/wp-json\/wp\/v2\/posts\/68009","targetHints":{"allow":["GET"]}}],"collection":[{"href":"http:\/\/elurbanoweb.com.ar\/diario\/wp-json\/wp\/v2\/posts"}],"about":[{"href":"http:\/\/elurbanoweb.com.ar\/diario\/wp-json\/wp\/v2\/types\/post"}],"author":[{"embeddable":true,"href":"http:\/\/elurbanoweb.com.ar\/diario\/wp-json\/wp\/v2\/users\/1"}],"replies":[{"embeddable":true,"href":"http:\/\/elurbanoweb.com.ar\/diario\/wp-json\/wp\/v2\/comments?post=68009"}],"version-history":[{"count":1,"href":"http:\/\/elurbanoweb.com.ar\/diario\/wp-json\/wp\/v2\/posts\/68009\/revisions"}],"predecessor-version":[{"id":68011,"href":"http:\/\/elurbanoweb.com.ar\/diario\/wp-json\/wp\/v2\/posts\/68009\/revisions\/68011"}],"wp:featuredmedia":[{"embeddable":true,"href":"http:\/\/elurbanoweb.com.ar\/diario\/wp-json\/wp\/v2\/media\/68010"}],"wp:attachment":[{"href":"http:\/\/elurbanoweb.com.ar\/diario\/wp-json\/wp\/v2\/media?parent=68009"}],"wp:term":[{"taxonomy":"category","embeddable":true,"href":"http:\/\/elurbanoweb.com.ar\/diario\/wp-json\/wp\/v2\/categories?post=68009"},{"taxonomy":"post_tag","embeddable":true,"href":"http:\/\/elurbanoweb.com.ar\/diario\/wp-json\/wp\/v2\/tags?post=68009"}],"curies":[{"name":"wp","href":"https:\/\/api.w.org\/{rel}","templated":true}]}}