{"id":68027,"date":"2026-03-25T13:40:12","date_gmt":"2026-03-25T16:40:12","guid":{"rendered":"https:\/\/elurbanoweb.com.ar\/diario\/?p=68027"},"modified":"2026-03-25T13:40:12","modified_gmt":"2026-03-25T16:40:12","slug":"se-realizo-la-iv-jornada-cientifica-de-seics-unse-donde-nace-la-ciencia-medica","status":"publish","type":"post","link":"http:\/\/elurbanoweb.com.ar\/diario\/se-realizo-la-iv-jornada-cientifica-de-seics-unse-donde-nace-la-ciencia-medica\/","title":{"rendered":"Se realiz\u00f3 la IV Jornada Cient\u00edfica de SEICS-UNSE: \u201cDonde nace la ciencia m\u00e9dica\u201d"},"content":{"rendered":"<p>Un espacio de formaci\u00f3n e intercambio acad\u00e9mico desarrollado en el \u00e1mbito de nuestra unidad acad\u00e9mica. El acto de apertura cont\u00f3 con la participaci\u00f3n del rector de la Universidad Nacional de Santiago del Estero, Lic. Marcelino Ledesma, junto a la vicerrectora, Dra. Fernanda Mellano, el decano normalizador de la Facultad de Ciencias M\u00e9dicas, Med. Esp. Eduardo Lian Allub, y autoridades de las distintas Facultades y Escuelas de nuestra universidad.<\/p>\n<p><img loading=\"lazy\" decoding=\"async\" class=\"alignnone wp-image-68028 size-large\" src=\"http:\/\/elurbanoweb.com.ar\/diario\/wp-content\/uploads\/2026\/03\/cientifica-1024x576.jpg\" alt=\"\" width=\"1024\" height=\"576\" srcset=\"http:\/\/elurbanoweb.com.ar\/diario\/wp-content\/uploads\/2026\/03\/cientifica-1024x576.jpg 1024w, http:\/\/elurbanoweb.com.ar\/diario\/wp-content\/uploads\/2026\/03\/cientifica-300x169.jpg 300w, http:\/\/elurbanoweb.com.ar\/diario\/wp-content\/uploads\/2026\/03\/cientifica-150x84.jpg 150w, http:\/\/elurbanoweb.com.ar\/diario\/wp-content\/uploads\/2026\/03\/cientifica.jpg 1280w\" sizes=\"auto, (max-width: 1024px) 100vw, 1024px\" \/><\/p>\n<p><!--more-->Durante los dos d\u00edas de actividad, se llevaron a cabo m\u00faltiples instancias de actualizaci\u00f3n profesional:<br \/>\nDisertaciones y Mesas de Expertos: Se trataron temas de relevancia cient\u00edfica como el rol de las sociedades estudiantiles, la variaci\u00f3n biol\u00f3gica de pat\u00f3genos, los desaf\u00edos actuales en vacunaci\u00f3n y el abordaje integral del manejo del dolor.<\/p>\n<p>Investigaci\u00f3n y Pr\u00e1ctica: Se presentaron trabajos cient\u00edficos y protocolos de investigaci\u00f3n, junto con relatos de experiencias de becarios del CONICET, acercando a los estudiantes al camino de la ciencia.<\/p>\n<p>Simulaci\u00f3n Cl\u00ednica: En el Centro de Simulaci\u00f3n se realizaron pr\u00e1cticas de RCP avanzado, toma de PAP e intubaci\u00f3n orotraqueal, fundamentales para el entrenamiento en escenarios cl\u00ednicos.<br \/>\nEl encuentro permiti\u00f3 un di\u00e1logo directo entre especialistas y estudiantes, consolidando la formaci\u00f3n y la pr\u00e1ctica profesional en el territorio de nuestra provincia.<\/p>\n<p>Se reconoce la labor de la Sociedad Estudiantil de Investigaci\u00f3n en Ciencias de la Salud (SEICS-UNSE) por la organizaci\u00f3n de esta jornada que promueve el desarrollo del conocimiento cient\u00edfico en nuestra casa de estudios.<\/p>\n","protected":false},"excerpt":{"rendered":"<p>Un espacio de formaci\u00f3n e intercambio acad\u00e9mico desarrollado en el \u00e1mbito de nuestra unidad acad\u00e9mica. El acto de apertura cont\u00f3 con la participaci\u00f3n del rector de la Universidad Nacional de&hellip; <\/p>\n","protected":false},"author":1,"featured_media":68028,"comment_status":"closed","ping_status":"closed","sticky":false,"template":"","format":"standard","meta":{"footnotes":""},"categories":[15],"tags":[],"class_list":["post-68027","post","type-post","status-publish","format-standard","has-post-thumbnail","hentry","category-unse"],"_links":{"self":[{"href":"http:\/\/elurbanoweb.com.ar\/diario\/wp-json\/wp\/v2\/posts\/68027","targetHints":{"allow":["GET"]}}],"collection":[{"href":"http:\/\/elurbanoweb.com.ar\/diario\/wp-json\/wp\/v2\/posts"}],"about":[{"href":"http:\/\/elurbanoweb.com.ar\/diario\/wp-json\/wp\/v2\/types\/post"}],"author":[{"embeddable":true,"href":"http:\/\/elurbanoweb.com.ar\/diario\/wp-json\/wp\/v2\/users\/1"}],"replies":[{"embeddable":true,"href":"http:\/\/elurbanoweb.com.ar\/diario\/wp-json\/wp\/v2\/comments?post=68027"}],"version-history":[{"count":1,"href":"http:\/\/elurbanoweb.com.ar\/diario\/wp-json\/wp\/v2\/posts\/68027\/revisions"}],"predecessor-version":[{"id":68029,"href":"http:\/\/elurbanoweb.com.ar\/diario\/wp-json\/wp\/v2\/posts\/68027\/revisions\/68029"}],"wp:featuredmedia":[{"embeddable":true,"href":"http:\/\/elurbanoweb.com.ar\/diario\/wp-json\/wp\/v2\/media\/68028"}],"wp:attachment":[{"href":"http:\/\/elurbanoweb.com.ar\/diario\/wp-json\/wp\/v2\/media?parent=68027"}],"wp:term":[{"taxonomy":"category","embeddable":true,"href":"http:\/\/elurbanoweb.com.ar\/diario\/wp-json\/wp\/v2\/categories?post=68027"},{"taxonomy":"post_tag","embeddable":true,"href":"http:\/\/elurbanoweb.com.ar\/diario\/wp-json\/wp\/v2\/tags?post=68027"}],"curies":[{"name":"wp","href":"https:\/\/api.w.org\/{rel}","templated":true}]}}