{"id":68033,"date":"2026-03-25T13:44:30","date_gmt":"2026-03-25T16:44:30","guid":{"rendered":"https:\/\/elurbanoweb.com.ar\/diario\/?p=68033"},"modified":"2026-03-25T13:44:30","modified_gmt":"2026-03-25T16:44:30","slug":"mas-trabajos-de-instalacion-y-reemplazo-de-42-luminarias-led-en-los-barrios-de-la-ciudad","status":"publish","type":"post","link":"http:\/\/elurbanoweb.com.ar\/diario\/mas-trabajos-de-instalacion-y-reemplazo-de-42-luminarias-led-en-los-barrios-de-la-ciudad\/","title":{"rendered":"M\u00e1s trabajos de instalaci\u00f3n y reemplazo de 42 luminarias Led en los barrios de la ciudad"},"content":{"rendered":"<p>Barrio Col\u00f3n: se colocaron 24 artefactos en las calles Antenor Ferreyra, Ad\u00e1n Rodini, Milburg, Pje. Gorostiaga, Magallanes, Maip\u00fa, Lugones y Pje. 208.<\/p>\n<p><img loading=\"lazy\" decoding=\"async\" class=\"alignnone wp-image-68034 size-full\" src=\"http:\/\/elurbanoweb.com.ar\/diario\/wp-content\/uploads\/2026\/03\/luminarias2.jpg\" alt=\"\" width=\"720\" height=\"486\" srcset=\"http:\/\/elurbanoweb.com.ar\/diario\/wp-content\/uploads\/2026\/03\/luminarias2.jpg 720w, http:\/\/elurbanoweb.com.ar\/diario\/wp-content\/uploads\/2026\/03\/luminarias2-300x203.jpg 300w, http:\/\/elurbanoweb.com.ar\/diario\/wp-content\/uploads\/2026\/03\/luminarias2-150x101.jpg 150w\" sizes=\"auto, (max-width: 720px) 100vw, 720px\" \/><\/p>\n<p><!--more--> Barrio Villa del Carmen: se colocaron 10 artefactos en las manzanas 78, 63, 103, 104 y 105.<\/p>\n<p>Barrio Primera Junta: se colocaron 5 artefactos en la calle Alberti.<\/p>\n<p>Barrio Mariano Moreno: se colocaron 2 artefactos en la calle R\u00edo Seco.<\/p>\n<p>Barrio Huaico Hondo: se coloc\u00f3 1 un artefacto en la calle Magallanes.<\/p>\n","protected":false},"excerpt":{"rendered":"<p>Barrio Col\u00f3n: se colocaron 24 artefactos en las calles Antenor Ferreyra, Ad\u00e1n Rodini, Milburg, Pje. Gorostiaga, Magallanes, Maip\u00fa, Lugones y Pje. 208.<\/p>\n","protected":false},"author":1,"featured_media":68034,"comment_status":"closed","ping_status":"closed","sticky":false,"template":"","format":"standard","meta":{"footnotes":""},"categories":[3],"tags":[],"class_list":["post-68033","post","type-post","status-publish","format-standard","has-post-thumbnail","hentry","category-municipio"],"_links":{"self":[{"href":"http:\/\/elurbanoweb.com.ar\/diario\/wp-json\/wp\/v2\/posts\/68033","targetHints":{"allow":["GET"]}}],"collection":[{"href":"http:\/\/elurbanoweb.com.ar\/diario\/wp-json\/wp\/v2\/posts"}],"about":[{"href":"http:\/\/elurbanoweb.com.ar\/diario\/wp-json\/wp\/v2\/types\/post"}],"author":[{"embeddable":true,"href":"http:\/\/elurbanoweb.com.ar\/diario\/wp-json\/wp\/v2\/users\/1"}],"replies":[{"embeddable":true,"href":"http:\/\/elurbanoweb.com.ar\/diario\/wp-json\/wp\/v2\/comments?post=68033"}],"version-history":[{"count":1,"href":"http:\/\/elurbanoweb.com.ar\/diario\/wp-json\/wp\/v2\/posts\/68033\/revisions"}],"predecessor-version":[{"id":68035,"href":"http:\/\/elurbanoweb.com.ar\/diario\/wp-json\/wp\/v2\/posts\/68033\/revisions\/68035"}],"wp:featuredmedia":[{"embeddable":true,"href":"http:\/\/elurbanoweb.com.ar\/diario\/wp-json\/wp\/v2\/media\/68034"}],"wp:attachment":[{"href":"http:\/\/elurbanoweb.com.ar\/diario\/wp-json\/wp\/v2\/media?parent=68033"}],"wp:term":[{"taxonomy":"category","embeddable":true,"href":"http:\/\/elurbanoweb.com.ar\/diario\/wp-json\/wp\/v2\/categories?post=68033"},{"taxonomy":"post_tag","embeddable":true,"href":"http:\/\/elurbanoweb.com.ar\/diario\/wp-json\/wp\/v2\/tags?post=68033"}],"curies":[{"name":"wp","href":"https:\/\/api.w.org\/{rel}","templated":true}]}}