{"id":68067,"date":"2026-03-26T08:59:32","date_gmt":"2026-03-26T11:59:32","guid":{"rendered":"https:\/\/elurbanoweb.com.ar\/diario\/?p=68067"},"modified":"2026-03-26T08:59:32","modified_gmt":"2026-03-26T11:59:32","slug":"el-gobernador-elias-suarez-puso-en-funcionamiento-el-consejo-economico-y-social-de-santiago-del-estero","status":"publish","type":"post","link":"http:\/\/elurbanoweb.com.ar\/diario\/el-gobernador-elias-suarez-puso-en-funcionamiento-el-consejo-economico-y-social-de-santiago-del-estero\/","title":{"rendered":"El Gobernador El\u00edas Su\u00e1rez puso en funcionamiento el Consejo Econ\u00f3mico y Social de Santiago del Estero"},"content":{"rendered":"<p>El gobernador El\u00edas Su\u00e1rez presidi\u00f3 este mi\u00e9rcoles por la tarde la ceremonia de conformaci\u00f3n del Consejo Econ\u00f3mico y Social de Santiago del Estero, que se desarroll\u00f3 en el Centro de Convenciones F\u00f3rum con la presencia de representantes de distintos sectores de la sociedad santiague\u00f1a del \u00e1mbito profesional, acad\u00e9mico, empresarial, productivo, sindical, entre otros, comprometidos con los objetivos trazados en este espacio \u201cpensado para que el di\u00e1logo, debate constructivo y la planificaci\u00f3n estrat\u00e9gica se transformen en herramientas concretas para el desarrollo de nuestro pueblo, con integraci\u00f3n territorial para la ruptura de asimetr\u00edas que impidan crecer arm\u00f3nicamente\u201d.<\/p>\n<p><img loading=\"lazy\" decoding=\"async\" class=\"alignnone wp-image-68068 size-large\" src=\"http:\/\/elurbanoweb.com.ar\/diario\/wp-content\/uploads\/2026\/03\/barra10-1024x650.jpeg\" alt=\"\" width=\"1024\" height=\"650\" srcset=\"http:\/\/elurbanoweb.com.ar\/diario\/wp-content\/uploads\/2026\/03\/barra10-1024x650.jpeg 1024w, http:\/\/elurbanoweb.com.ar\/diario\/wp-content\/uploads\/2026\/03\/barra10-300x191.jpeg 300w, http:\/\/elurbanoweb.com.ar\/diario\/wp-content\/uploads\/2026\/03\/barra10-150x95.jpeg 150w, http:\/\/elurbanoweb.com.ar\/diario\/wp-content\/uploads\/2026\/03\/barra10-1536x975.jpeg 1536w, http:\/\/elurbanoweb.com.ar\/diario\/wp-content\/uploads\/2026\/03\/barra10.jpeg 1600w\" sizes=\"auto, (max-width: 1024px) 100vw, 1024px\" \/><\/p>\n<p><!--more--><\/p>\n<p>Estuvo acompa\u00f1ado en el panel principal por el vicegobernador Carlos Silva Neder y el secretario del Consejo Econ\u00f3mico y Social, Miguel Mandrille. Tambi\u00e9n estuvieron presentes en la sala el ex gobernador y actual senador Gerardo Zamora, junto con otros representantes del Congreso de la Naci\u00f3n.<\/p>\n<p>En su mensaje de apertura, el mandatario destac\u00f3 la creaci\u00f3n del Consejo Econ\u00f3mico y Social \u201ccomo un \u00e1mbito permanente de an\u00e1lisis y de consulta para el desarrollo pol\u00edtica y sociedad\u201d, a trav\u00e9s de una ley que expresa la convicci\u00f3n del Gobierno de la provincia de que \u201clas decisiones p\u00fablicas son m\u00e1s leg\u00edtimas y m\u00e1s eficientes cuando se construyen con participaci\u00f3n social\u201d mediante \u201cel di\u00e1logo responsable, informado y comprometido con el desarrollo de Santiago\u201d.<\/p>\n<p>\u201cEste consejo \u2013resalt\u00f3- es un espacio donde se reunir\u00e1n el Estado con el sector productivo, las universidades, las c\u00e1maras empresariales, los trabajadores organizados, los colegios profesionales, las instituciones sociales, el sector tur\u00edstico, las organizaciones de la sociedad civil y representantes del poder legislativo. Cada uno de estos sectores representa una parte fundamental del entramado social y productivo santiague\u00f1o\u201d.<\/p>\n<p>En esa l\u00ednea, marc\u00f3 los objetivos fundamentales: \u201cPromover el debate de los temas estrat\u00e9gicos de cada sector, analizar la realidad productiva y social de la provincia, recopilar informaci\u00f3n, generar diagn\u00f3sticos y formular exactamente lo que esperamos de este Consejo, que sea un \u00e1mbito de pensamiento estrat\u00e9gico para la provincia y que nos ayude a anticipar desaf\u00edos, que permita aprovechar mejor nuestras oportunidades productivas, que contribuya a generar ideas y propuestas para el crecimiento econ\u00f3mico y el desarrollo social\u201d.<\/p>\n<p>Con relaci\u00f3n a esta idea, Su\u00e1rez hizo hincapi\u00e9 en la necesidad de propiciar \u201cel fortalecimiento de las econom\u00edas regionales, la industrializaci\u00f3n de la materia prima, el desarrollo de la innovaci\u00f3n tecnol\u00f3gica y cient\u00edfica\u201d. As\u00ed como \u201cla consolidaci\u00f3n del turismo como motor econ\u00f3mico, la generaci\u00f3n de empleo genuino y el fortalecimiento de nuestras cadenas productivas con mayor valor agregado\u201d.<\/p>\n<p>Dijo adem\u00e1s que el trabajo del Consejo Econ\u00f3mico y Social estar\u00e1 articulado con otras pol\u00edticas que se vienen impulsando desde el Gobierno de la provincia, como el programa de formaci\u00f3n y capacitaci\u00f3n de j\u00f3venes y el fortalecimiento de las Agencias de Desarrollo Territorial para el apoyo y el acompa\u00f1amiento de los productores familiares y medianos productores agropecuarios con una mirada federal.<\/p>\n<p>En cuanto al crecimiento de Santiago el Estero, mencion\u00f3 datos que reflejan este rumbo, tales como el crecimiento del 1,1% del empleo privado durante el 2025; adem\u00e1s de los indicadores que posicionan como una de las provincias con menor tasa de ingresos brutos del pa\u00eds, generando condiciones favorables para la inversi\u00f3n y el desarrollo productivo.<\/p>\n<p>\u201cSantiago del Estero ha mostrado un crecimiento sostenido en su Producto Bruto Geogr\u00e1fico en los \u00faltimos 20 a\u00f1os, muy por encima de etapas de estancamiento que ha atravesado la econom\u00eda nacional\u201d, con un contexto preocupante, con el cierre de industrias, la ca\u00edda del consumo y la ausencia de pol\u00edticas p\u00fablicas nacionales que incentiven al desarrollo productivo.<\/p>\n<p>En el \u00faltimo tramo de su mensaje, el gobernador dej\u00f3 en claro que la creaci\u00f3n del Consejo Econ\u00f3mico y Social \u201crepresenta una nueva etapa, en la que queremos profundizar un modelo de desarrollo basado en la producci\u00f3n el trabajo y la inclusi\u00f3n social. Un modelo donde el Estado no decide de espaldas a la sociedad. Un modelo donde el Estado convoca, escucha y construye junto a los distintos sectores de la comunidad y toma decisiones en favor del pueblo\u201d.<\/p>\n<p>Luego, el secretario del Consejo Econ\u00f3mico y Social, Miguel Mandrille, destac\u00f3 la presencia de los diferentes sectores que asumieron el compromiso de contribuir en la construcci\u00f3n de esta herramienta dise\u00f1ada para el desarrollo, con un perfil participativo y una fuerte mirada social y de futuro.<\/p>\n<p>A su turno, el rector de la Universidad Cat\u00f3lica, Luis Lucena, ratific\u00f3 el compromiso de la casa de altos estudios de aportar todas sus capacidades t\u00e9cnicas y de profesionales puestas en acci\u00f3n para el desarrollo de la provincia mediante la formaci\u00f3n de mano de obra calificada y el acompa\u00f1amiento necesario para hacer frente a los desaf\u00edos que plantea el futuro.<\/p>\n<p>Finalmente, el rector de la Universidad Nacional, Marcelino Ledesma, destac\u00f3 tambi\u00e9n la decisi\u00f3n del gobernador Su\u00e1rez por confiar en la capacidades de todos los que conforman una mesa plural, \u201cque se compromete a trabajar sobre la base del di\u00e1logo, afianzando lo que ya se viene haciendo desde hace tiempo y que se puede potenciar a partir de agendas compartidas y de relevancia\u201d.<\/p>\n","protected":false},"excerpt":{"rendered":"<p>El gobernador El\u00edas Su\u00e1rez presidi\u00f3 este mi\u00e9rcoles por la tarde la ceremonia de conformaci\u00f3n del Consejo Econ\u00f3mico y Social de Santiago del Estero, que se desarroll\u00f3 en el Centro de&hellip; <\/p>\n","protected":false},"author":1,"featured_media":68068,"comment_status":"closed","ping_status":"closed","sticky":false,"template":"","format":"standard","meta":{"footnotes":""},"categories":[2],"tags":[],"class_list":["post-68067","post","type-post","status-publish","format-standard","has-post-thumbnail","hentry","category-gobierno"],"_links":{"self":[{"href":"http:\/\/elurbanoweb.com.ar\/diario\/wp-json\/wp\/v2\/posts\/68067","targetHints":{"allow":["GET"]}}],"collection":[{"href":"http:\/\/elurbanoweb.com.ar\/diario\/wp-json\/wp\/v2\/posts"}],"about":[{"href":"http:\/\/elurbanoweb.com.ar\/diario\/wp-json\/wp\/v2\/types\/post"}],"author":[{"embeddable":true,"href":"http:\/\/elurbanoweb.com.ar\/diario\/wp-json\/wp\/v2\/users\/1"}],"replies":[{"embeddable":true,"href":"http:\/\/elurbanoweb.com.ar\/diario\/wp-json\/wp\/v2\/comments?post=68067"}],"version-history":[{"count":1,"href":"http:\/\/elurbanoweb.com.ar\/diario\/wp-json\/wp\/v2\/posts\/68067\/revisions"}],"predecessor-version":[{"id":68069,"href":"http:\/\/elurbanoweb.com.ar\/diario\/wp-json\/wp\/v2\/posts\/68067\/revisions\/68069"}],"wp:featuredmedia":[{"embeddable":true,"href":"http:\/\/elurbanoweb.com.ar\/diario\/wp-json\/wp\/v2\/media\/68068"}],"wp:attachment":[{"href":"http:\/\/elurbanoweb.com.ar\/diario\/wp-json\/wp\/v2\/media?parent=68067"}],"wp:term":[{"taxonomy":"category","embeddable":true,"href":"http:\/\/elurbanoweb.com.ar\/diario\/wp-json\/wp\/v2\/categories?post=68067"},{"taxonomy":"post_tag","embeddable":true,"href":"http:\/\/elurbanoweb.com.ar\/diario\/wp-json\/wp\/v2\/tags?post=68067"}],"curies":[{"name":"wp","href":"https:\/\/api.w.org\/{rel}","templated":true}]}}