{"id":68070,"date":"2026-03-26T13:32:50","date_gmt":"2026-03-26T16:32:50","guid":{"rendered":"https:\/\/elurbanoweb.com.ar\/diario\/?p=68070"},"modified":"2026-03-26T13:32:50","modified_gmt":"2026-03-26T16:32:50","slug":"inta-quimili-promueve-el-primer-encuentro-regional-de-jovenes-agrotecnicos","status":"publish","type":"post","link":"http:\/\/elurbanoweb.com.ar\/diario\/inta-quimili-promueve-el-primer-encuentro-regional-de-jovenes-agrotecnicos\/","title":{"rendered":"INTA Quimil\u00ed promueve el primer Encuentro Regional de J\u00f3venes Agrot\u00e9cnicos"},"content":{"rendered":"<p>El pr\u00f3ximo 6 de mayo de 2026 se llevar\u00e1 a cabo el Primer Encuentro Regional de J\u00f3venes Agrot\u00e9cnicos en las instalaciones del INTA Quimil\u00ed y la Sociedad Rural del Noreste Santiague\u00f1o, una propuesta destinada a estudiantes del \u00faltimo a\u00f1o y docentes de escuelas secundarias con orientaci\u00f3n agropecuaria del este santiague\u00f1o.<\/p>\n<p><img loading=\"lazy\" decoding=\"async\" class=\"alignnone wp-image-68071 size-large\" src=\"http:\/\/elurbanoweb.com.ar\/diario\/wp-content\/uploads\/2026\/03\/inta-1024x682.jpeg\" alt=\"\" width=\"1024\" height=\"682\" srcset=\"http:\/\/elurbanoweb.com.ar\/diario\/wp-content\/uploads\/2026\/03\/inta-1024x682.jpeg 1024w, http:\/\/elurbanoweb.com.ar\/diario\/wp-content\/uploads\/2026\/03\/inta-300x200.jpeg 300w, http:\/\/elurbanoweb.com.ar\/diario\/wp-content\/uploads\/2026\/03\/inta-150x100.jpeg 150w, http:\/\/elurbanoweb.com.ar\/diario\/wp-content\/uploads\/2026\/03\/inta-1536x1023.jpeg 1536w, http:\/\/elurbanoweb.com.ar\/diario\/wp-content\/uploads\/2026\/03\/inta.jpeg 1600w\" sizes=\"auto, (max-width: 1024px) 100vw, 1024px\" \/><\/p>\n<p><!--more--><\/p>\n<p>La iniciativa tiene como principal objetivo fortalecer la articulaci\u00f3n entre las instituciones educativas agrot\u00e9cnicas y las organizaciones vinculadas al sector productivo, promoviendo un espacio de intercambio, formaci\u00f3n y reflexi\u00f3n. En este sentido, el encuentro busca potenciar el v\u00ednculo entre la educaci\u00f3n y el \u00e1mbito productivo, fomentando el arraigo, la formaci\u00f3n t\u00e9cnica y el conocimiento de oportunidades acad\u00e9micas superiores.<\/p>\n<p>Durante la jornada se desarrollar\u00e1n diversas actividades, que incluir\u00e1n recorridos t\u00e9cnicos por la Estaci\u00f3n Experimental Agropecuaria Quimil\u00ed, organizados en estaciones tem\u00e1ticas como pasturas, meteorolog\u00eda, maquinarias, suelo y cultivo y protecci\u00f3n vegetal. Adem\u00e1s, los participantes visitar\u00e1n las instalaciones de Agrolam S.A., donde podr\u00e1n conocer el funcionamiento de una caba\u00f1a productiva.<\/p>\n<p>El programa tambi\u00e9n contempla espacios formativos y de intercambio, como un taller sobre liderazgo y participaci\u00f3n, y la exposici\u00f3n de proyectos en el marco del concurso \u201cInnovaci\u00f3n en el Agro\u201d, orientado a visibilizar experiencias educativas desarrolladas por los estudiantes.<\/p>\n<p>El evento es organizado por el INTA y el Ateneo de la Sociedad Rural de Quimil\u00ed, y apunta a generar un \u00e1mbito de articulaci\u00f3n regional que promueva el compromiso, el trabajo en equipo y el desarrollo territorial.<\/p>\n<p>Desde la organizaci\u00f3n destacaron la importancia de la participaci\u00f3n de las instituciones educativas, invitando a confirmar asistencia hasta el 24 de abril de 2026, a fin de facilitar la planificaci\u00f3n general del encuentro.<\/p>\n","protected":false},"excerpt":{"rendered":"<p>El pr\u00f3ximo 6 de mayo de 2026 se llevar\u00e1 a cabo el Primer Encuentro Regional de J\u00f3venes Agrot\u00e9cnicos en las instalaciones del INTA Quimil\u00ed y la Sociedad Rural del Noreste&hellip; <\/p>\n","protected":false},"author":1,"featured_media":68071,"comment_status":"closed","ping_status":"closed","sticky":false,"template":"","format":"standard","meta":{"footnotes":""},"categories":[10],"tags":[],"class_list":["post-68070","post","type-post","status-publish","format-standard","has-post-thumbnail","hentry","category-interior"],"_links":{"self":[{"href":"http:\/\/elurbanoweb.com.ar\/diario\/wp-json\/wp\/v2\/posts\/68070","targetHints":{"allow":["GET"]}}],"collection":[{"href":"http:\/\/elurbanoweb.com.ar\/diario\/wp-json\/wp\/v2\/posts"}],"about":[{"href":"http:\/\/elurbanoweb.com.ar\/diario\/wp-json\/wp\/v2\/types\/post"}],"author":[{"embeddable":true,"href":"http:\/\/elurbanoweb.com.ar\/diario\/wp-json\/wp\/v2\/users\/1"}],"replies":[{"embeddable":true,"href":"http:\/\/elurbanoweb.com.ar\/diario\/wp-json\/wp\/v2\/comments?post=68070"}],"version-history":[{"count":1,"href":"http:\/\/elurbanoweb.com.ar\/diario\/wp-json\/wp\/v2\/posts\/68070\/revisions"}],"predecessor-version":[{"id":68072,"href":"http:\/\/elurbanoweb.com.ar\/diario\/wp-json\/wp\/v2\/posts\/68070\/revisions\/68072"}],"wp:featuredmedia":[{"embeddable":true,"href":"http:\/\/elurbanoweb.com.ar\/diario\/wp-json\/wp\/v2\/media\/68071"}],"wp:attachment":[{"href":"http:\/\/elurbanoweb.com.ar\/diario\/wp-json\/wp\/v2\/media?parent=68070"}],"wp:term":[{"taxonomy":"category","embeddable":true,"href":"http:\/\/elurbanoweb.com.ar\/diario\/wp-json\/wp\/v2\/categories?post=68070"},{"taxonomy":"post_tag","embeddable":true,"href":"http:\/\/elurbanoweb.com.ar\/diario\/wp-json\/wp\/v2\/tags?post=68070"}],"curies":[{"name":"wp","href":"https:\/\/api.w.org\/{rel}","templated":true}]}}