{"id":68076,"date":"2026-03-26T13:36:26","date_gmt":"2026-03-26T16:36:26","guid":{"rendered":"https:\/\/elurbanoweb.com.ar\/diario\/?p=68076"},"modified":"2026-03-26T13:36:26","modified_gmt":"2026-03-26T16:36:26","slug":"durante-la-manana-de-hoy-se-retiraron-escombros-que-habian-sido-arrojados-sobre-calle-almafuerte-en-el-parque-aguirre","status":"publish","type":"post","link":"http:\/\/elurbanoweb.com.ar\/diario\/durante-la-manana-de-hoy-se-retiraron-escombros-que-habian-sido-arrojados-sobre-calle-almafuerte-en-el-parque-aguirre\/","title":{"rendered":"Durante la ma\u00f1ana de hoy se retiraron escombros que hab\u00edan sido arrojados sobre calle Almafuerte en el parque Aguirre"},"content":{"rendered":"<p>Tambi\u00e9n continuaron los trabajos de limpieza y mantenimiento programados para el personal de Parques y Paseos.<\/p>\n<p><img loading=\"lazy\" decoding=\"async\" class=\"alignnone wp-image-68077 size-large\" src=\"http:\/\/elurbanoweb.com.ar\/diario\/wp-content\/uploads\/2026\/03\/limpieza5-1024x768.jpg\" alt=\"\" width=\"1024\" height=\"768\" srcset=\"http:\/\/elurbanoweb.com.ar\/diario\/wp-content\/uploads\/2026\/03\/limpieza5-1024x768.jpg 1024w, http:\/\/elurbanoweb.com.ar\/diario\/wp-content\/uploads\/2026\/03\/limpieza5-300x225.jpg 300w, http:\/\/elurbanoweb.com.ar\/diario\/wp-content\/uploads\/2026\/03\/limpieza5-150x113.jpg 150w, http:\/\/elurbanoweb.com.ar\/diario\/wp-content\/uploads\/2026\/03\/limpieza5-1536x1152.jpg 1536w, http:\/\/elurbanoweb.com.ar\/diario\/wp-content\/uploads\/2026\/03\/limpieza5.jpg 1600w\" sizes=\"auto, (max-width: 1024px) 100vw, 1024px\" \/><\/p>\n<p><!--more--><\/p>\n","protected":false},"excerpt":{"rendered":"<p>Tambi\u00e9n continuaron los trabajos de limpieza y mantenimiento programados para el personal de Parques y Paseos.<\/p>\n","protected":false},"author":1,"featured_media":68077,"comment_status":"closed","ping_status":"closed","sticky":false,"template":"","format":"standard","meta":{"footnotes":""},"categories":[3],"tags":[],"class_list":["post-68076","post","type-post","status-publish","format-standard","has-post-thumbnail","hentry","category-municipio"],"_links":{"self":[{"href":"http:\/\/elurbanoweb.com.ar\/diario\/wp-json\/wp\/v2\/posts\/68076","targetHints":{"allow":["GET"]}}],"collection":[{"href":"http:\/\/elurbanoweb.com.ar\/diario\/wp-json\/wp\/v2\/posts"}],"about":[{"href":"http:\/\/elurbanoweb.com.ar\/diario\/wp-json\/wp\/v2\/types\/post"}],"author":[{"embeddable":true,"href":"http:\/\/elurbanoweb.com.ar\/diario\/wp-json\/wp\/v2\/users\/1"}],"replies":[{"embeddable":true,"href":"http:\/\/elurbanoweb.com.ar\/diario\/wp-json\/wp\/v2\/comments?post=68076"}],"version-history":[{"count":1,"href":"http:\/\/elurbanoweb.com.ar\/diario\/wp-json\/wp\/v2\/posts\/68076\/revisions"}],"predecessor-version":[{"id":68078,"href":"http:\/\/elurbanoweb.com.ar\/diario\/wp-json\/wp\/v2\/posts\/68076\/revisions\/68078"}],"wp:featuredmedia":[{"embeddable":true,"href":"http:\/\/elurbanoweb.com.ar\/diario\/wp-json\/wp\/v2\/media\/68077"}],"wp:attachment":[{"href":"http:\/\/elurbanoweb.com.ar\/diario\/wp-json\/wp\/v2\/media?parent=68076"}],"wp:term":[{"taxonomy":"category","embeddable":true,"href":"http:\/\/elurbanoweb.com.ar\/diario\/wp-json\/wp\/v2\/categories?post=68076"},{"taxonomy":"post_tag","embeddable":true,"href":"http:\/\/elurbanoweb.com.ar\/diario\/wp-json\/wp\/v2\/tags?post=68076"}],"curies":[{"name":"wp","href":"https:\/\/api.w.org\/{rel}","templated":true}]}}