{"id":68089,"date":"2026-03-27T10:09:27","date_gmt":"2026-03-27T13:09:27","guid":{"rendered":"https:\/\/elurbanoweb.com.ar\/diario\/?p=68089"},"modified":"2026-03-27T10:09:27","modified_gmt":"2026-03-27T13:09:27","slug":"se-extiende-el-conflicto-belico-y-ee-uu-planea-enviar-10-000-soldados-mas-a-medio-oriente","status":"publish","type":"post","link":"http:\/\/elurbanoweb.com.ar\/diario\/se-extiende-el-conflicto-belico-y-ee-uu-planea-enviar-10-000-soldados-mas-a-medio-oriente\/","title":{"rendered":"Se extiende el conflicto b\u00e9lico y EE.UU. planea enviar 10.000 soldados m\u00e1s a Medio Oriente"},"content":{"rendered":"<p>La opci\u00f3n est\u00e1 planteada en medio de las negociaciones que est\u00e1 llevando adelante el presidente Donald Trump con los iran\u00edes.<\/p>\n<p><img loading=\"lazy\" decoding=\"async\" class=\"alignnone wp-image-68090 size-full\" src=\"http:\/\/elurbanoweb.com.ar\/diario\/wp-content\/uploads\/2026\/03\/belico.jpg\" alt=\"\" width=\"1010\" height=\"567\" srcset=\"http:\/\/elurbanoweb.com.ar\/diario\/wp-content\/uploads\/2026\/03\/belico.jpg 1010w, http:\/\/elurbanoweb.com.ar\/diario\/wp-content\/uploads\/2026\/03\/belico-300x168.jpg 300w, http:\/\/elurbanoweb.com.ar\/diario\/wp-content\/uploads\/2026\/03\/belico-150x84.jpg 150w\" sizes=\"auto, (max-width: 1010px) 100vw, 1010px\" \/><\/p>\n<p><!--more--><\/p>\n<p>Mientras se extiende el conflicto b\u00e9lico entre Estados Unidos e Israel contra Ir\u00e1n, desde el Pent\u00e1gono se contempla la opci\u00f3n de enviar 10.000 soldados m\u00e1s a Medio Oriente, que incluir\u00edan tropas terrestres, seg\u00fan un anticipo publicado por el diario The Wall Street Journal.<\/p>\n<p>El diario, que cita fuentes del Departamento de Guerra, asegur\u00f3 que este desplazamiento contar\u00eda con infanter\u00eda y veh\u00edculos blindados para ofrecer m\u00e1s opciones militares al presidente Donald Trump, cuya apuesta parece centrarse en negociar con Ir\u00e1n, sin que estas conversaciones hayan puesto fin al conflicto desatado hace un mes.<\/p>\n<p>Ni Trump ni el Pent\u00e1gono descartaron una operaci\u00f3n terrestre en la Rep\u00fablica Isl\u00e1mica, lo que despert\u00f3 m\u00e1s amenazas por parte de Teher\u00e1n y redobl\u00f3 sus ataques contra Israel y objetivos estadounidenses en pa\u00edses del golfo P\u00e9rsico. As\u00ed como de estrechar todav\u00eda m\u00e1s su control sobre el estrecho de Ormuz y de Bab al Mandeb, claves para el comercio global.<\/p>\n<p>Desde hace algunos d\u00edas que se especula con la posibilidad de que Washington realice despliegues de soldados en puntos como la isla de Jarg, donde est\u00e1 el principal centro petrolero de Ir\u00e1n, una decisi\u00f3n que podr\u00eda deparar un rechazo destacable por parte de la opini\u00f3n p\u00fablica, seg\u00fan muestran algunos sondeos.<\/p>\n<p>Una encuesta de la agencia Reuters e Ipsos de la semana pasada muestra que el 55 % de estadounidenses est\u00e1 en contra de un despliegue de tropas en Ir\u00e1n, mientras que un 34% apoyar\u00eda solo el env\u00edo de un peque\u00f1o operativo, con solo un 7% a favor de un gran contingente sobre el terreno.<\/p>\n","protected":false},"excerpt":{"rendered":"<p>La opci\u00f3n est\u00e1 planteada en medio de las negociaciones que est\u00e1 llevando adelante el presidente Donald Trump con los iran\u00edes.<\/p>\n","protected":false},"author":1,"featured_media":68090,"comment_status":"closed","ping_status":"closed","sticky":false,"template":"","format":"standard","meta":{"footnotes":""},"categories":[6],"tags":[],"class_list":["post-68089","post","type-post","status-publish","format-standard","has-post-thumbnail","hentry","category-mundo"],"_links":{"self":[{"href":"http:\/\/elurbanoweb.com.ar\/diario\/wp-json\/wp\/v2\/posts\/68089","targetHints":{"allow":["GET"]}}],"collection":[{"href":"http:\/\/elurbanoweb.com.ar\/diario\/wp-json\/wp\/v2\/posts"}],"about":[{"href":"http:\/\/elurbanoweb.com.ar\/diario\/wp-json\/wp\/v2\/types\/post"}],"author":[{"embeddable":true,"href":"http:\/\/elurbanoweb.com.ar\/diario\/wp-json\/wp\/v2\/users\/1"}],"replies":[{"embeddable":true,"href":"http:\/\/elurbanoweb.com.ar\/diario\/wp-json\/wp\/v2\/comments?post=68089"}],"version-history":[{"count":1,"href":"http:\/\/elurbanoweb.com.ar\/diario\/wp-json\/wp\/v2\/posts\/68089\/revisions"}],"predecessor-version":[{"id":68091,"href":"http:\/\/elurbanoweb.com.ar\/diario\/wp-json\/wp\/v2\/posts\/68089\/revisions\/68091"}],"wp:featuredmedia":[{"embeddable":true,"href":"http:\/\/elurbanoweb.com.ar\/diario\/wp-json\/wp\/v2\/media\/68090"}],"wp:attachment":[{"href":"http:\/\/elurbanoweb.com.ar\/diario\/wp-json\/wp\/v2\/media?parent=68089"}],"wp:term":[{"taxonomy":"category","embeddable":true,"href":"http:\/\/elurbanoweb.com.ar\/diario\/wp-json\/wp\/v2\/categories?post=68089"},{"taxonomy":"post_tag","embeddable":true,"href":"http:\/\/elurbanoweb.com.ar\/diario\/wp-json\/wp\/v2\/tags?post=68089"}],"curies":[{"name":"wp","href":"https:\/\/api.w.org\/{rel}","templated":true}]}}