{"id":68095,"date":"2026-03-27T10:14:09","date_gmt":"2026-03-27T13:14:09","guid":{"rendered":"https:\/\/elurbanoweb.com.ar\/diario\/?p=68095"},"modified":"2026-03-27T10:14:09","modified_gmt":"2026-03-27T13:14:09","slug":"el-arsenico-en-el-agua-sera-eje-de-una-jornada-en-santiago-del-estero","status":"publish","type":"post","link":"http:\/\/elurbanoweb.com.ar\/diario\/el-arsenico-en-el-agua-sera-eje-de-una-jornada-en-santiago-del-estero\/","title":{"rendered":"El ars\u00e9nico en el agua ser\u00e1 eje de una jornada en Santiago del Estero"},"content":{"rendered":"<p>Autoridades provinciales y universitarias anunciaron la realizaci\u00f3n del evento para el pr\u00f3ximo 31 de marzo, de 8 a 13, en el Centro Cultural \u201cSixto Palavecino\u201d de la ciudad de Fern\u00e1ndez.<\/p>\n<p><img loading=\"lazy\" decoding=\"async\" class=\"alignnone wp-image-68096 size-full\" src=\"http:\/\/elurbanoweb.com.ar\/diario\/wp-content\/uploads\/2026\/03\/arsenico0.jpg\" alt=\"\" width=\"1010\" height=\"567\" srcset=\"http:\/\/elurbanoweb.com.ar\/diario\/wp-content\/uploads\/2026\/03\/arsenico0.jpg 1010w, http:\/\/elurbanoweb.com.ar\/diario\/wp-content\/uploads\/2026\/03\/arsenico0-300x168.jpg 300w, http:\/\/elurbanoweb.com.ar\/diario\/wp-content\/uploads\/2026\/03\/arsenico0-150x84.jpg 150w\" sizes=\"auto, (max-width: 1010px) 100vw, 1010px\" \/><\/p>\n<p><!--more--><\/p>\n<p>En una conferencia de prensa realizada en el Sal\u00f3n del Consejo Superior de la Universidad Cat\u00f3lica de Santiago del Estero, autoridades provinciales y universitarias anunciaron la realizaci\u00f3n de la III Jornada Regional del Ars\u00e9nico, un espacio de reflexi\u00f3n y trabajo interdisciplinario sobre una problem\u00e1tica que afecta a gran parte del territorio santiague\u00f1o.<\/p>\n<p>El encuentro cont\u00f3 con la participaci\u00f3n del rector de la Universidad Nacional de Santiago del Estero, Marcelino Ledesma; el rector de la UCSE, Luis Lucena; el secretario de Ciencia y Tecnolog\u00eda de la provincia, Adri\u00e1n Su\u00e1rez; y representantes de la Mesa Interinstitucional del Ars\u00e9nico.<\/p>\n<p>La jornada se llevar\u00e1 a cabo el pr\u00f3ximo 31 de marzo, de 8 a 13, en el Centro Cultural \u201cSixto Palavecino\u201d de la ciudad de Fern\u00e1ndez, bajo el lema \u201cAgua con ars\u00e9nico: saberes y pr\u00e1cticas en torno a una problem\u00e1tica regional compleja\u201d. La actividad ser\u00e1 libre y gratuita, destinada a profesionales, docentes y p\u00fablico en general, y contar\u00e1 con certificaci\u00f3n con puntaje docente.<\/p>\n<p>Durante la presentaci\u00f3n, Lucena destac\u00f3 la importancia de la iniciativa al se\u00f1alar que \u201cse trata de una problem\u00e1tica compleja que aqueja a Santiago del Estero no solamente desde el punto de vista de la salud, sino tambi\u00e9n desde los aspectos educativos, comunitarios y sociales\u201d, y remarc\u00f3 la necesidad de \u201cmiradas interdisciplinarias para el aporte de soluciones\u201d.<\/p>\n","protected":false},"excerpt":{"rendered":"<p>Autoridades provinciales y universitarias anunciaron la realizaci\u00f3n del evento para el pr\u00f3ximo 31 de marzo, de 8 a 13, en el Centro Cultural \u201cSixto Palavecino\u201d de la ciudad de Fern\u00e1ndez.<\/p>\n","protected":false},"author":1,"featured_media":68096,"comment_status":"closed","ping_status":"closed","sticky":false,"template":"","format":"standard","meta":{"footnotes":""},"categories":[15],"tags":[],"class_list":["post-68095","post","type-post","status-publish","format-standard","has-post-thumbnail","hentry","category-unse"],"_links":{"self":[{"href":"http:\/\/elurbanoweb.com.ar\/diario\/wp-json\/wp\/v2\/posts\/68095","targetHints":{"allow":["GET"]}}],"collection":[{"href":"http:\/\/elurbanoweb.com.ar\/diario\/wp-json\/wp\/v2\/posts"}],"about":[{"href":"http:\/\/elurbanoweb.com.ar\/diario\/wp-json\/wp\/v2\/types\/post"}],"author":[{"embeddable":true,"href":"http:\/\/elurbanoweb.com.ar\/diario\/wp-json\/wp\/v2\/users\/1"}],"replies":[{"embeddable":true,"href":"http:\/\/elurbanoweb.com.ar\/diario\/wp-json\/wp\/v2\/comments?post=68095"}],"version-history":[{"count":1,"href":"http:\/\/elurbanoweb.com.ar\/diario\/wp-json\/wp\/v2\/posts\/68095\/revisions"}],"predecessor-version":[{"id":68097,"href":"http:\/\/elurbanoweb.com.ar\/diario\/wp-json\/wp\/v2\/posts\/68095\/revisions\/68097"}],"wp:featuredmedia":[{"embeddable":true,"href":"http:\/\/elurbanoweb.com.ar\/diario\/wp-json\/wp\/v2\/media\/68096"}],"wp:attachment":[{"href":"http:\/\/elurbanoweb.com.ar\/diario\/wp-json\/wp\/v2\/media?parent=68095"}],"wp:term":[{"taxonomy":"category","embeddable":true,"href":"http:\/\/elurbanoweb.com.ar\/diario\/wp-json\/wp\/v2\/categories?post=68095"},{"taxonomy":"post_tag","embeddable":true,"href":"http:\/\/elurbanoweb.com.ar\/diario\/wp-json\/wp\/v2\/tags?post=68095"}],"curies":[{"name":"wp","href":"https:\/\/api.w.org\/{rel}","templated":true}]}}