{"id":68116,"date":"2026-03-27T10:31:16","date_gmt":"2026-03-27T13:31:16","guid":{"rendered":"https:\/\/elurbanoweb.com.ar\/diario\/?p=68116"},"modified":"2026-03-27T10:31:16","modified_gmt":"2026-03-27T13:31:16","slug":"en-el-marco-del-mes-de-la-mujer-la-intendente-fuentes-participo-del-acto-homenaje-a-la-mujer-libanesa","status":"publish","type":"post","link":"http:\/\/elurbanoweb.com.ar\/diario\/en-el-marco-del-mes-de-la-mujer-la-intendente-fuentes-participo-del-acto-homenaje-a-la-mujer-libanesa\/","title":{"rendered":"En el marco del mes de la Mujer la intendente Fuentes particip\u00f3 del acto homenaje a la mujer libanesa"},"content":{"rendered":"<p>La intendente, Ing. Norma Fuentes, particip\u00f3 como invitada de la conmemoraci\u00f3n organizada por la Uni\u00f3n Cultural Argentino Libanesa con motivo del mes de la mujer, donde se homenajearon a representantes del g\u00e9nero, tanto libanesas como descendientes que se destacaron por su aporte en el \u00e1mbito cultural y social.<\/p>\n<p><img loading=\"lazy\" decoding=\"async\" class=\"alignnone wp-image-68117 size-large\" src=\"http:\/\/elurbanoweb.com.ar\/diario\/wp-content\/uploads\/2026\/03\/libanesa2-1024x682.jpg\" alt=\"\" width=\"1024\" height=\"682\" srcset=\"http:\/\/elurbanoweb.com.ar\/diario\/wp-content\/uploads\/2026\/03\/libanesa2-1024x682.jpg 1024w, http:\/\/elurbanoweb.com.ar\/diario\/wp-content\/uploads\/2026\/03\/libanesa2-300x200.jpg 300w, http:\/\/elurbanoweb.com.ar\/diario\/wp-content\/uploads\/2026\/03\/libanesa2-150x100.jpg 150w, http:\/\/elurbanoweb.com.ar\/diario\/wp-content\/uploads\/2026\/03\/libanesa2-1536x1023.jpg 1536w, http:\/\/elurbanoweb.com.ar\/diario\/wp-content\/uploads\/2026\/03\/libanesa2.jpg 1600w\" sizes=\"auto, (max-width: 1024px) 100vw, 1024px\" \/><\/p>\n<p><!--more--> Durante la ceremonia, la intendente Fuentes hizo entrega a la presidenta de la instituci\u00f3n Lilian Jozami, de la declaraci\u00f3n de inter\u00e9s municipal al primer homenaje a la libanidad en la mujer y a todas quienes \u201chan sido fundamentales en Santiago del Estero destac\u00e1ndose en la vida pol\u00edtica, cultural y social y por mantener el legado, el trabajo comunitario y la gesti\u00f3n p\u00fablica\u201d.<\/p>\n<p>El acto se inici\u00f3 con las palabras de la presidenta de la entidad quien destac\u00f3 el rol de las mujeres quienes inmigraron del pa\u00eds asi\u00e1tico hasta quienes hoy contin\u00faan con la herencia y trabajan en el fortalecimiento de los lazos de ambas comunidades.<\/p>\n<p>Sigui\u00f3 con la entrega de reconocimientos a las referentes y a quienes en vida dejaron su legado en tierra santiague\u00f1a.<\/p>\n","protected":false},"excerpt":{"rendered":"<p>La intendente, Ing. Norma Fuentes, particip\u00f3 como invitada de la conmemoraci\u00f3n organizada por la Uni\u00f3n Cultural Argentino Libanesa con motivo del mes de la mujer, donde se homenajearon a representantes&hellip; <\/p>\n","protected":false},"author":1,"featured_media":68117,"comment_status":"closed","ping_status":"closed","sticky":false,"template":"","format":"standard","meta":{"footnotes":""},"categories":[3],"tags":[],"class_list":["post-68116","post","type-post","status-publish","format-standard","has-post-thumbnail","hentry","category-municipio"],"_links":{"self":[{"href":"http:\/\/elurbanoweb.com.ar\/diario\/wp-json\/wp\/v2\/posts\/68116","targetHints":{"allow":["GET"]}}],"collection":[{"href":"http:\/\/elurbanoweb.com.ar\/diario\/wp-json\/wp\/v2\/posts"}],"about":[{"href":"http:\/\/elurbanoweb.com.ar\/diario\/wp-json\/wp\/v2\/types\/post"}],"author":[{"embeddable":true,"href":"http:\/\/elurbanoweb.com.ar\/diario\/wp-json\/wp\/v2\/users\/1"}],"replies":[{"embeddable":true,"href":"http:\/\/elurbanoweb.com.ar\/diario\/wp-json\/wp\/v2\/comments?post=68116"}],"version-history":[{"count":1,"href":"http:\/\/elurbanoweb.com.ar\/diario\/wp-json\/wp\/v2\/posts\/68116\/revisions"}],"predecessor-version":[{"id":68118,"href":"http:\/\/elurbanoweb.com.ar\/diario\/wp-json\/wp\/v2\/posts\/68116\/revisions\/68118"}],"wp:featuredmedia":[{"embeddable":true,"href":"http:\/\/elurbanoweb.com.ar\/diario\/wp-json\/wp\/v2\/media\/68117"}],"wp:attachment":[{"href":"http:\/\/elurbanoweb.com.ar\/diario\/wp-json\/wp\/v2\/media?parent=68116"}],"wp:term":[{"taxonomy":"category","embeddable":true,"href":"http:\/\/elurbanoweb.com.ar\/diario\/wp-json\/wp\/v2\/categories?post=68116"},{"taxonomy":"post_tag","embeddable":true,"href":"http:\/\/elurbanoweb.com.ar\/diario\/wp-json\/wp\/v2\/tags?post=68116"}],"curies":[{"name":"wp","href":"https:\/\/api.w.org\/{rel}","templated":true}]}}