{"id":68119,"date":"2026-03-27T10:32:33","date_gmt":"2026-03-27T13:32:33","guid":{"rendered":"https:\/\/elurbanoweb.com.ar\/diario\/?p=68119"},"modified":"2026-03-27T10:32:33","modified_gmt":"2026-03-27T13:32:33","slug":"el-gobierno-de-la-provincia-entrego-viviendas-sociales-en-villa-la-punta","status":"publish","type":"post","link":"http:\/\/elurbanoweb.com.ar\/diario\/el-gobierno-de-la-provincia-entrego-viviendas-sociales-en-villa-la-punta\/","title":{"rendered":"El Gobierno de la provincia entreg\u00f3 viviendas sociales en Villa La Punta"},"content":{"rendered":"<p>El ministro de Desarrollo Social, \u00c1ngel Niccolai, en representaci\u00f3n del gobernador El\u00edas Su\u00e1rez, realiz\u00f3 este jueves por la tarde la entrega de 11 viviendas sociales en Villa La Punta, departamento Choya, las que fueron construidas por la Asociaci\u00f3n Civil Uni\u00f3n y Progreso, en el marco del ambicioso programa habitacional gratuito que impulsa el Gobierno de la provincia.<\/p>\n<p><img loading=\"lazy\" decoding=\"async\" class=\"alignnone wp-image-68120 size-large\" src=\"http:\/\/elurbanoweb.com.ar\/diario\/wp-content\/uploads\/2026\/03\/villa1-1024x683.jpg\" alt=\"\" width=\"1024\" height=\"683\" srcset=\"http:\/\/elurbanoweb.com.ar\/diario\/wp-content\/uploads\/2026\/03\/villa1-1024x683.jpg 1024w, http:\/\/elurbanoweb.com.ar\/diario\/wp-content\/uploads\/2026\/03\/villa1-300x200.jpg 300w, http:\/\/elurbanoweb.com.ar\/diario\/wp-content\/uploads\/2026\/03\/villa1-150x100.jpg 150w, http:\/\/elurbanoweb.com.ar\/diario\/wp-content\/uploads\/2026\/03\/villa1-1536x1024.jpg 1536w, http:\/\/elurbanoweb.com.ar\/diario\/wp-content\/uploads\/2026\/03\/villa1.jpg 1599w\" sizes=\"auto, (max-width: 1024px) 100vw, 1024px\" \/><\/p>\n<p><!--more--><\/p>\n<p>La entrega de las llaves se realiz\u00f3 junto con el comisionado municipal local, Jos\u00e9 G\u00f3mez, en el domicilio de Fiama Mart\u00ednez.<\/p>\n<p>Con estas unidades habitacionales se beneficiaron familias de Villa La Punta, La Represa, Rodeo y Estaci\u00f3n Choya.<\/p>\n<p>En el acto estuvieron legisladores provinciales, concejales de Fr\u00edas y comisionados de la zona.<\/p>\n<p>En su mensaje, el jefe comunal felicit\u00f3 a las familias que accedieron al techo propio y destac\u00f3 la importancia del programa que impacta en todo el territorio santiague\u00f1o.<\/p>\n<p>Al hacer uso de la palabra, Niccolai transmiti\u00f3 a los vecinos los saludos del gobernador El\u00edas Su\u00e1rez y el compromiso de darle continuidad a este programa.<\/p>\n<p>Remarc\u00f3 adem\u00e1s que fueron construidas m\u00e1s de 33 mil viviendas, donde 150 mil santiague\u00f1os han podido mejorar sus condiciones de vida.<\/p>\n<p>En el final puso especial \u00e9nfasis en el impacto positivo de esta pol\u00edtica que brinda una soluci\u00f3n habitacional, sanitaria, genera empleo y motoriza la econom\u00eda.<\/p>\n","protected":false},"excerpt":{"rendered":"<p>El ministro de Desarrollo Social, \u00c1ngel Niccolai, en representaci\u00f3n del gobernador El\u00edas Su\u00e1rez, realiz\u00f3 este jueves por la tarde la entrega de 11 viviendas sociales en Villa La Punta, departamento&hellip; <\/p>\n","protected":false},"author":1,"featured_media":68120,"comment_status":"closed","ping_status":"closed","sticky":false,"template":"","format":"standard","meta":{"footnotes":""},"categories":[2,10],"tags":[],"class_list":["post-68119","post","type-post","status-publish","format-standard","has-post-thumbnail","hentry","category-gobierno","category-interior"],"_links":{"self":[{"href":"http:\/\/elurbanoweb.com.ar\/diario\/wp-json\/wp\/v2\/posts\/68119","targetHints":{"allow":["GET"]}}],"collection":[{"href":"http:\/\/elurbanoweb.com.ar\/diario\/wp-json\/wp\/v2\/posts"}],"about":[{"href":"http:\/\/elurbanoweb.com.ar\/diario\/wp-json\/wp\/v2\/types\/post"}],"author":[{"embeddable":true,"href":"http:\/\/elurbanoweb.com.ar\/diario\/wp-json\/wp\/v2\/users\/1"}],"replies":[{"embeddable":true,"href":"http:\/\/elurbanoweb.com.ar\/diario\/wp-json\/wp\/v2\/comments?post=68119"}],"version-history":[{"count":1,"href":"http:\/\/elurbanoweb.com.ar\/diario\/wp-json\/wp\/v2\/posts\/68119\/revisions"}],"predecessor-version":[{"id":68121,"href":"http:\/\/elurbanoweb.com.ar\/diario\/wp-json\/wp\/v2\/posts\/68119\/revisions\/68121"}],"wp:featuredmedia":[{"embeddable":true,"href":"http:\/\/elurbanoweb.com.ar\/diario\/wp-json\/wp\/v2\/media\/68120"}],"wp:attachment":[{"href":"http:\/\/elurbanoweb.com.ar\/diario\/wp-json\/wp\/v2\/media?parent=68119"}],"wp:term":[{"taxonomy":"category","embeddable":true,"href":"http:\/\/elurbanoweb.com.ar\/diario\/wp-json\/wp\/v2\/categories?post=68119"},{"taxonomy":"post_tag","embeddable":true,"href":"http:\/\/elurbanoweb.com.ar\/diario\/wp-json\/wp\/v2\/tags?post=68119"}],"curies":[{"name":"wp","href":"https:\/\/api.w.org\/{rel}","templated":true}]}}