{"id":68122,"date":"2026-03-27T13:22:32","date_gmt":"2026-03-27T16:22:32","guid":{"rendered":"https:\/\/elurbanoweb.com.ar\/diario\/?p=68122"},"modified":"2026-03-27T13:22:32","modified_gmt":"2026-03-27T16:22:32","slug":"el-intendente-ruiz-puso-en-vigencia-el-boleto-estudiantil-gratuito-en-clodomira","status":"publish","type":"post","link":"http:\/\/elurbanoweb.com.ar\/diario\/el-intendente-ruiz-puso-en-vigencia-el-boleto-estudiantil-gratuito-en-clodomira\/","title":{"rendered":"El intendente Ruiz puso en vigencia el Boleto Estudiantil Gratuito en Clodomira"},"content":{"rendered":"<p>El beneficio alcanza a alumnos de todos los niveles y busca garantizar igualdad de oportunidades, adem\u00e1s de aliviar la econom\u00eda familiar.<\/p>\n<p><img loading=\"lazy\" decoding=\"async\" class=\"alignnone wp-image-68123 size-full\" src=\"http:\/\/elurbanoweb.com.ar\/diario\/wp-content\/uploads\/2026\/03\/vigencia5.jpg\" alt=\"\" width=\"1010\" height=\"567\" srcset=\"http:\/\/elurbanoweb.com.ar\/diario\/wp-content\/uploads\/2026\/03\/vigencia5.jpg 1010w, http:\/\/elurbanoweb.com.ar\/diario\/wp-content\/uploads\/2026\/03\/vigencia5-300x168.jpg 300w, http:\/\/elurbanoweb.com.ar\/diario\/wp-content\/uploads\/2026\/03\/vigencia5-150x84.jpg 150w\" sizes=\"auto, (max-width: 1010px) 100vw, 1010px\" \/><\/p>\n<p><!--more--><\/p>\n<p>El intendente de Clodomira, Daniel Ruiz, puso en vigencia por quinto a\u00f1o consecutivo el Boleto Estudiantil Gratuito, en un acto que cont\u00f3 con la presencia de cientos de ni\u00f1os y j\u00f3venes de distintos establecimientos educativos de la ciudad y zonas cercanas.<\/p>\n<p>La jornada reuni\u00f3 adem\u00e1s a docentes, autoridades escolares y padres, quienes destacaron la continuidad de una medida que permite reducir los costos de traslado y facilitar el acceso a la educaci\u00f3n.<\/p>\n<p>Durante su discurso, Ruiz expres\u00f3 su satisfacci\u00f3n por sostener esta pol\u00edtica p\u00fablica y subray\u00f3 que el beneficio alcanza a estudiantes de todos los niveles, incluyendo a quienes cursan estudios terciarios y universitarios en ciudades como La Banda y Capital.<\/p>\n<p>\u201cEstoy muy contento de poder llegar con este beneficio a los estudiantes de todos los niveles, entendiendo que no habr\u00e1 en nuestra gesti\u00f3n ciudadanos de primera y otros de segunda; todos somos clodomirenses y vamos a trabajar para cada uno de ustedes\u201d, afirm\u00f3.<\/p>\n<p>En ese marco, el jefe comunal remarc\u00f3 la importancia de la educaci\u00f3n como eje de desarrollo y cit\u00f3 como referencia al senador Gerardo Zamora y al gobernador El\u00edas Su\u00e1rez, quienes impulsan pol\u00edticas orientadas a fortalecer el sistema educativo provincial.<\/p>\n","protected":false},"excerpt":{"rendered":"<p>El beneficio alcanza a alumnos de todos los niveles y busca garantizar igualdad de oportunidades, adem\u00e1s de aliviar la econom\u00eda familiar.<\/p>\n","protected":false},"author":1,"featured_media":68123,"comment_status":"closed","ping_status":"closed","sticky":false,"template":"","format":"standard","meta":{"footnotes":""},"categories":[10],"tags":[],"class_list":["post-68122","post","type-post","status-publish","format-standard","has-post-thumbnail","hentry","category-interior"],"_links":{"self":[{"href":"http:\/\/elurbanoweb.com.ar\/diario\/wp-json\/wp\/v2\/posts\/68122","targetHints":{"allow":["GET"]}}],"collection":[{"href":"http:\/\/elurbanoweb.com.ar\/diario\/wp-json\/wp\/v2\/posts"}],"about":[{"href":"http:\/\/elurbanoweb.com.ar\/diario\/wp-json\/wp\/v2\/types\/post"}],"author":[{"embeddable":true,"href":"http:\/\/elurbanoweb.com.ar\/diario\/wp-json\/wp\/v2\/users\/1"}],"replies":[{"embeddable":true,"href":"http:\/\/elurbanoweb.com.ar\/diario\/wp-json\/wp\/v2\/comments?post=68122"}],"version-history":[{"count":1,"href":"http:\/\/elurbanoweb.com.ar\/diario\/wp-json\/wp\/v2\/posts\/68122\/revisions"}],"predecessor-version":[{"id":68124,"href":"http:\/\/elurbanoweb.com.ar\/diario\/wp-json\/wp\/v2\/posts\/68122\/revisions\/68124"}],"wp:featuredmedia":[{"embeddable":true,"href":"http:\/\/elurbanoweb.com.ar\/diario\/wp-json\/wp\/v2\/media\/68123"}],"wp:attachment":[{"href":"http:\/\/elurbanoweb.com.ar\/diario\/wp-json\/wp\/v2\/media?parent=68122"}],"wp:term":[{"taxonomy":"category","embeddable":true,"href":"http:\/\/elurbanoweb.com.ar\/diario\/wp-json\/wp\/v2\/categories?post=68122"},{"taxonomy":"post_tag","embeddable":true,"href":"http:\/\/elurbanoweb.com.ar\/diario\/wp-json\/wp\/v2\/tags?post=68122"}],"curies":[{"name":"wp","href":"https:\/\/api.w.org\/{rel}","templated":true}]}}