{"id":68131,"date":"2026-03-28T09:51:08","date_gmt":"2026-03-28T12:51:08","guid":{"rendered":"https:\/\/elurbanoweb.com.ar\/diario\/?p=68131"},"modified":"2026-03-28T09:51:08","modified_gmt":"2026-03-28T12:51:08","slug":"el-camm-central-argentino-brindo-un-importante-taller-sobre-tuberculosis","status":"publish","type":"post","link":"http:\/\/elurbanoweb.com.ar\/diario\/el-camm-central-argentino-brindo-un-importante-taller-sobre-tuberculosis\/","title":{"rendered":"El CAMM Central Argentino brind\u00f3 un importante taller sobre \u201cTuberculosis\u201d"},"content":{"rendered":"<p>El Centro de Atenci\u00f3n M\u00e9dica Municipal (CAMM) N\u00b0 5 del barrio Central Argentino brind\u00f3 un Taller Informativo sobre \u201cTuberculosis\u201d, d\u00f3nde participaron pacientes de la sala de espera.<\/p>\n<p><img loading=\"lazy\" decoding=\"async\" class=\"alignnone wp-image-68132 size-full\" src=\"http:\/\/elurbanoweb.com.ar\/diario\/wp-content\/uploads\/2026\/03\/importante0.jpg\" alt=\"\" width=\"1010\" height=\"567\" srcset=\"http:\/\/elurbanoweb.com.ar\/diario\/wp-content\/uploads\/2026\/03\/importante0.jpg 1010w, http:\/\/elurbanoweb.com.ar\/diario\/wp-content\/uploads\/2026\/03\/importante0-300x168.jpg 300w, http:\/\/elurbanoweb.com.ar\/diario\/wp-content\/uploads\/2026\/03\/importante0-150x84.jpg 150w\" sizes=\"auto, (max-width: 1010px) 100vw, 1010px\" \/><\/p>\n<p><!--more--><\/p>\n<p>Durante la actividad, los profesionales de la salud explicaron qu\u00e9 es esta enfermedad, sus s\u00edntomas, los tratamientos que existen y qu\u00e9 medidas de prevenci\u00f3n se deben tomar.<\/p>\n<p>La tuberculosis (TB) es una enfermedad infecciosa y contagiosa causada por la bacteria Mycobacterium tuberculosis (bacilo de Koch), que afecta principalmente a los pulmones.<\/p>\n<p>Se transmite por el aire al toser o estornudar y presenta s\u00edntomas como tos persistente por m\u00e1s de 15 d\u00edas, fiebre, sudores nocturnos y p\u00e9rdida de peso.<\/p>\n<p>Es curable con un tratamiento de antibi\u00f3tico prolongado y prevenible con la vacuna BCG.<\/p>\n<p>D\u00eda Internacional del S\u00edndrome de Down<\/p>\n<p>Por otro lado, el mismo Centro de Atenci\u00f3n M\u00e9dica Municipal (CAMM) N\u00b0 5 del barrio Central Argentino, tambi\u00e9n realiz\u00f3 una charla informativa por el D\u00eda Internacional del S\u00edndrome de Down.<\/p>\n<p>Durante la misma, se abordaron las causas de tal condici\u00f3n, sus rasgos caracter\u00edsticos y, de manera especial, se puso \u00e9nfasis en la importancia de promover un trato respetuoso, inclusivo y digno hacia las personas con discapacidad.<\/p>\n","protected":false},"excerpt":{"rendered":"<p>El Centro de Atenci\u00f3n M\u00e9dica Municipal (CAMM) N\u00b0 5 del barrio Central Argentino brind\u00f3 un Taller Informativo sobre \u201cTuberculosis\u201d, d\u00f3nde participaron pacientes de la sala de espera.<\/p>\n","protected":false},"author":1,"featured_media":68132,"comment_status":"closed","ping_status":"closed","sticky":false,"template":"","format":"standard","meta":{"footnotes":""},"categories":[9],"tags":[],"class_list":["post-68131","post","type-post","status-publish","format-standard","has-post-thumbnail","hentry","category-la-banda"],"_links":{"self":[{"href":"http:\/\/elurbanoweb.com.ar\/diario\/wp-json\/wp\/v2\/posts\/68131","targetHints":{"allow":["GET"]}}],"collection":[{"href":"http:\/\/elurbanoweb.com.ar\/diario\/wp-json\/wp\/v2\/posts"}],"about":[{"href":"http:\/\/elurbanoweb.com.ar\/diario\/wp-json\/wp\/v2\/types\/post"}],"author":[{"embeddable":true,"href":"http:\/\/elurbanoweb.com.ar\/diario\/wp-json\/wp\/v2\/users\/1"}],"replies":[{"embeddable":true,"href":"http:\/\/elurbanoweb.com.ar\/diario\/wp-json\/wp\/v2\/comments?post=68131"}],"version-history":[{"count":1,"href":"http:\/\/elurbanoweb.com.ar\/diario\/wp-json\/wp\/v2\/posts\/68131\/revisions"}],"predecessor-version":[{"id":68133,"href":"http:\/\/elurbanoweb.com.ar\/diario\/wp-json\/wp\/v2\/posts\/68131\/revisions\/68133"}],"wp:featuredmedia":[{"embeddable":true,"href":"http:\/\/elurbanoweb.com.ar\/diario\/wp-json\/wp\/v2\/media\/68132"}],"wp:attachment":[{"href":"http:\/\/elurbanoweb.com.ar\/diario\/wp-json\/wp\/v2\/media?parent=68131"}],"wp:term":[{"taxonomy":"category","embeddable":true,"href":"http:\/\/elurbanoweb.com.ar\/diario\/wp-json\/wp\/v2\/categories?post=68131"},{"taxonomy":"post_tag","embeddable":true,"href":"http:\/\/elurbanoweb.com.ar\/diario\/wp-json\/wp\/v2\/tags?post=68131"}],"curies":[{"name":"wp","href":"https:\/\/api.w.org\/{rel}","templated":true}]}}